{"id":7869,"date":"2011-01-31T22:32:17","date_gmt":"2011-02-01T01:32:17","guid":{"rendered":"http:\/\/www.r2cpress.com.br\/v1\/?p=7869"},"modified":"2011-01-31T22:32:17","modified_gmt":"2011-02-01T01:32:17","slug":"a-coluna-do-jonildo-10","status":"publish","type":"post","link":"https:\/\/www.r2cpress.com.br\/v1\/2011\/01\/31\/a-coluna-do-jonildo-10\/","title":{"rendered":"A Coluna do Jonildo"},"content":{"rendered":"<p><img align = \"right\" src = \"http:\/\/www.r2cpress.com.br\/v1\/wp-content\/uploads\/jonildo-perfil.jpg\"\/><strong>Iniqua<\/strong><br \/>\nA situa\u00e7\u00e3o dos cart\u00f3rios, na Bahia exp\u00f5e claramente a realidade do poder judici\u00e1rio no estado. O maior problema do poder judici\u00e1rio nos cart\u00f3rios extrajudiciais \u00e9 o abandono do governo.<br \/>\nEm Ilh\u00e9us, por exemplo, a popula\u00e7\u00e3o tem que chegar aos cart\u00f3rios \u00e0 noite para poderem ser atendidos no dia seguinte.<br \/>\nFalta pessoal, equipamentos, respeito aos servidores, respeito ao contribuinte e cidad\u00e3o pagador da est\u00fapida incompet\u00eancia.<br \/>\nNa porta dos cart\u00f3rios, nas filas, vale tudo \u00e9 terra de ningu\u00e9m. Ali\u00e1s, o retrato do estado e do pa\u00eds. <\/p>\n<p><strong>Pode?<\/strong><br \/>\nO radialista Vila Nova, no programa \u201cO Tabuleiro\u201d, (Conquista FM 105.9),  abriu a boca: A nova ag\u00eancia do Banco do Brasil, situada dentro da agencia do Cal\u00e7ad\u00e3o Paranagu\u00e1 n\u00e3o tem o \u201chabits\u201d da Prefeitura. Segundo o radialista o que existe \u00e9 o alvar\u00e1 para a reforma no pr\u00e9dio da atual agencia.<br \/>\nBem, numa cidade em que o Banco arrebenta a cal\u00e7ada publica para colocar uma do seu agrado ou para colocar uma grade impedindo o fluxo normal de pesdrestrea, tudo \u00e9 poss\u00edvel, inclusive, atender  mal aos seus clientes.<\/p>\n<p><strong>Mendacium<\/strong><\/p>\n<p><!--more--><\/p>\n<p>Na Av. Aur\u00e9lio Linhares o lixo est\u00e1 acumulado com o chorume fedorento escorrendo. Na Central de Abastecimento os Urubus, ratos e c\u00e3es disputam o espa\u00e7o com os vendedores e consumidores de carne, verduras etc. No Teot\u00f4nio Vilela as montanhas de lixo. O lixo pode ser visto na Conquista, no Iguape, no Banco da Vit\u00f3ria enfim, por toda cidade.<br \/>\nPara o secret\u00e1rio de servi\u00e7os urbanos de Ilh\u00e9us, Carlos Freitas, a culpa \u00e9 dos turistas e \u201cda popula\u00e7\u00e3o que precisa se educar\u201d. Isso foi dito na entrevista em que ele participou s\u00e1bado (29) na TV Santa Cruz.<br \/>\nT\u00e1 resolvido. No pr\u00f3ximo ano a cidade ser\u00e1 fechada para turistas e a popula\u00e7\u00e3o ser\u00e1 educada a pagar impostos sem reclamar.<\/p>\n<p><strong>Desflorestando<\/strong><br \/>\nQuem v\u00ea, na internet,  a imagem de Ilh\u00e9us refletida atrav\u00e9s do sat\u00e9lite ver\u00e1 uma mancha vermelho-pardo. Uma cidade \u00e1rida, sem \u00e1rvores que fica cada vez mais quente.<br \/>\nEnt\u00e3o, para contribuir, a Prefeitura corta todas as poucas \u00e1rvores restantes. A \u00faltima devasta\u00e7\u00e3o foi na Av. Osvaldo Cruz, em frente ao Est\u00e1dio Mario Pessoa.<br \/>\nComo ainda faltam 23 meses para esse governo acabar \u00e9 poss\u00edvel que sejam exterminadas todas as \u00e1rvores, inclusive  da Av. Soares Lopes.<\/p>\n<p><strong>Pelo menos!<\/strong><br \/>\nA Secretaria de Turismo do Munic\u00edpio instalou equipamentos para salva-vidas e pol\u00edcia na praia do Cristo, na Av. Dois de Julho.<br \/>\nAntes tarde do nunca. Parab\u00e9ns. <\/p>\n<p><strong>Pra que?<\/strong><br \/>\nSegundo o Governo da Bahia o Estado mant\u00e9m, a custa do contribuinte o Derba(?). A fun\u00e7\u00e3o, entre outras, \u00e9 fiscalizar e sinalizar as estradas sob sua responsabilidade, inclusive a BR 415. Em frente a Universidade Estadual de Santa Cruz, no Km 16 da rodovia Br 415, no bairro Salobrinho,  um dos locais de maior movimento de ve\u00edculos e pedestres, n\u00e3o existe nenhuma faixa de seguran\u00e7a ou placa indicando a presen\u00e7a intensa de pedestres.<br \/>\nOlha que a Universidade est\u00e1 ali h\u00e1 mais de 30 anos.<\/p>\n<p><strong>Voltou<\/strong><br \/>\nPraticamente restabelecido da cirurgia de que foi v\u00edtima Jos\u00e9 Alvino de Cristo, o padre Cristo, comemorou, s\u00e1bado, 55 anos de idade e reassumiu  a capelania S\u00e3o Paulo Ap\u00f3stolo. <\/p>\n<p><strong>Quem?<\/strong><br \/>\nV\u00e1rios coletores de \u00e1gua pluvial e outras  crateras foram deixadas abertas ao longo da antiga Av. Bahia e transversais da Av. Soares Lopes.  S\u00e3o heran\u00e7as da recupera\u00e7\u00e3o do sistema coletor pluvial da \u00e1rea feita pela Prefeitura.  Com os buracos abertos e sem sinaliza\u00e7\u00e3o, durante o show da Banda Chiclete com Banana v\u00e1rios carros ca\u00edram nos buracos.<br \/>\nQuem paga os preju\u00edzos?<\/p>\n<p>&#8212;<br \/>\njonildogloria@gmail.com<\/p>\n","protected":false},"excerpt":{"rendered":"<p>Iniqua A situa\u00e7\u00e3o dos cart\u00f3rios, na Bahia exp\u00f5e claramente a realidade do poder judici\u00e1rio no estado. O maior problema do poder judici\u00e1rio nos cart\u00f3rios extrajudiciais \u00e9 o abandono do governo. Em Ilh\u00e9us, por exemplo, a popula\u00e7\u00e3o tem que chegar aos cart\u00f3rios \u00e0 noite para poderem ser atendidos no dia seguinte. Falta pessoal, equipamentos, respeito aos [&hellip;]<\/p>\n","protected":false},"author":2,"featured_media":0,"comment_status":"open","ping_status":"open","sticky":false,"template":"","format":"standard","meta":{"_links_to":"","_links_to_target":""},"categories":[10],"tags":[],"_links":{"self":[{"href":"https:\/\/www.r2cpress.com.br\/v1\/wp-json\/wp\/v2\/posts\/7869"}],"collection":[{"href":"https:\/\/www.r2cpress.com.br\/v1\/wp-json\/wp\/v2\/posts"}],"about":[{"href":"https:\/\/www.r2cpress.com.br\/v1\/wp-json\/wp\/v2\/types\/post"}],"author":[{"embeddable":true,"href":"https:\/\/www.r2cpress.com.br\/v1\/wp-json\/wp\/v2\/users\/2"}],"replies":[{"embeddable":true,"href":"https:\/\/www.r2cpress.com.br\/v1\/wp-json\/wp\/v2\/comments?post=7869"}],"version-history":[{"count":2,"href":"https:\/\/www.r2cpress.com.br\/v1\/wp-json\/wp\/v2\/posts\/7869\/revisions"}],"predecessor-version":[{"id":7871,"href":"https:\/\/www.r2cpress.com.br\/v1\/wp-json\/wp\/v2\/posts\/7869\/revisions\/7871"}],"wp:attachment":[{"href":"https:\/\/www.r2cpress.com.br\/v1\/wp-json\/wp\/v2\/media?parent=7869"}],"wp:term":[{"taxonomy":"category","embeddable":true,"href":"https:\/\/www.r2cpress.com.br\/v1\/wp-json\/wp\/v2\/categories?post=7869"},{"taxonomy":"post_tag","embeddable":true,"href":"https:\/\/www.r2cpress.com.br\/v1\/wp-json\/wp\/v2\/tags?post=7869"}],"curies":[{"name":"wp","href":"https:\/\/api.w.org\/{rel}","templated":true}]}}