{"id":7872,"date":"2011-01-31T22:40:37","date_gmt":"2011-02-01T01:40:37","guid":{"rendered":"http:\/\/www.r2cpress.com.br\/v1\/?p=7872"},"modified":"2011-01-31T22:42:05","modified_gmt":"2011-02-01T01:42:05","slug":"archimedes-marques-em-o-flagrante-do-descaso-nas-delegacias-do-brasil","status":"publish","type":"post","link":"https:\/\/www.r2cpress.com.br\/v1\/2011\/01\/31\/archimedes-marques-em-o-flagrante-do-descaso-nas-delegacias-do-brasil\/","title":{"rendered":"Archimedes Marques em: O flagrante do descaso nas delegacias do Brasil"},"content":{"rendered":"<p><img align = \"right\" src = \"http:\/\/lh4.ggpht.com\/_PQy7A06gDto\/S_Qu6JnLCzI\/AAAAAAAAiOc\/VYRy3oyMQvw\/arquimedes%20azul.jpg\"\/>A mat\u00e9ria principal do programa Fant\u00e1stico da rede globo apresentada ontem, dia 30\/01\/2011, mostrou uma seguran\u00e7a publica que o povo brasileiro abomina e apesar de apresentar o caos absoluto ocorrido principalmente nas delegacias do Estado do Maranh\u00e3o, atingiu em cheio todas as demais policias, aumentando ainda o conceito negativo que a popula\u00e7\u00e3o tem a respeito das nossas institui\u00e7\u00f5es.<br \/>\nUma das situa\u00e7\u00f5es mais chocante e estarrecedora foi a apresenta\u00e7\u00e3o de presos \u201cenjaulados\u201d na delegacia de Bacabal, ao relento, em bom per\u00edodo noturno tomando forte chuva. Olhando de perto, aquele xadrez mais parece uma jaula de um animal irracional e feroz, como se o detento estivesse em um zool\u00f3gico. A \u201cjaula\u201d n\u00e3o tem \u00e1gua, n\u00e3o tem banheiro, n\u00e3o tem teto, n\u00e3o tem nada, s\u00f3 grade por toda parte no ch\u00e3o de cimento. Uma situa\u00e7\u00e3o nunca vista nos tempos atuais. Parecendo at\u00e9 com os meios de torturas aplicados no tempo medieval.<br \/>\nPara a reportagem os presos contaram que o sofrimento de tomar banho de chuva durou a noite toda. <b>\u201cAgorinha, eu rezei para n\u00e3o chover mais. Se cair outra chuva aqui, Ave Maria, n\u00f3s estamos mortos\u201d<\/b>, contou um dos presos.<\/p>\n<p><!--more--><\/p>\n<p>Na delegacia de Bacabal a falta de higiene por toda parte \u00e9 tamanha que os funcion\u00e1rios mostraram e dizem criar uma jib\u00f3ia para que ela coma os ratos que infestam o local.<br \/>\nA \u201cjaula\u201d para seres humanos  \u00e9 destinada ao banho de sol e ao encontro de visitantes dos detentos. <b>Mas, na verdade, funciona como um dep\u00f3sito para colocar presos<\/b>, conforme explicou o presidente do Sindicato dos Policiais Civis do Maranh\u00e3o, Amon Jessen.<br \/>\nTamb\u00e9m no Maranh\u00e3o, a delegacia do munic\u00edpio de Miranda do Norte, apresenta um cen\u00e1rio de total abandono. A reportagem constatou que n\u00e3o havia nenhum policial civil naquela unidade e toda vez que tem alguma ocorr\u00eancia na cidade, o \u00fanico plantonista precisava sair da delegacia  fechando as suas portas. Mostrou, al\u00e9m de tudo, que n\u00e3o havia atendimento burocr\u00e1tico algum, vez que, o computador da delegacia n\u00e3o funcionava. Na verdade, s\u00f3 existe um monitor sujo e do tempo antigo desligado, n\u00e3o tem mais nada. O telefone tamb\u00e9m \u00e9 mudo, cego e surdo.<br \/>\nNos xadrezes da delegacia os presos se confundem com as moscas e com o lixo espalhado por toda parte em ambiente f\u00e9tido, totalmente insalubre e desumano.<br \/>\nOutra carceragem n\u00e3o muito diferente fica na delegacia de Santa In\u00eas. Na parede, o aviso: <b>&#8220;bem-vindo ao inferno&#8221;<\/b>. Homens e mulheres cumprem pena no mesmo pr\u00e9dio, n\u00e3o nas mesmas celas, evidente. Elas ficam em uma sala improvisada como cela. Como n\u00e3o h\u00e1 banheiro, as mulheres usam um balde para se lavar ap\u00f3s fazer as suas necessidades fisiol\u00f3gicas.<br \/>\nFinalizando o caos absoluto na seguran\u00e7a p\u00fablica do Maranh\u00e3o, assistimos que no munic\u00edpio de Buriticupu, no ano de 2007, a delegacia foi incendiada em um protesto da popula\u00e7\u00e3o. Agora em 2011, um novo pr\u00e9dio deve ser inaugurado. Assim, por enquanto, o distrito policial funciona em uma casa improvisada, entretanto, a equipe de reportagem encontrou o tal im\u00f3vel fechado, sem um policial sequer. A popula\u00e7\u00e3o revoltada disse n\u00e3o haver lei naquele munic\u00edpio e que cada um faz o que bem quer.<br \/>\nPara n\u00e3o muito se alongar, sem entrar no m\u00e9rito da quest\u00e3o das outras delegacias citadas noutros lugares do Brasil,  que foi de somenos import\u00e2ncia, passamos ent\u00e3o para a principal metr\u00f3pole brasileira.<br \/>\nNas delegacias de S\u00e3o Paulo, tamb\u00e9m o maior centro policial do pa\u00eds, o problema \u00e9 outro. Para se registrar um boletim de ocorr\u00eancia, o cidad\u00e3o perde muito tempo, horas e mais horas. A equipe do Fant\u00e1stico flagrou a imagem do cansa\u00e7o das v\u00edtimas a esperar por solu\u00e7\u00f5es adequadas, bem como da embroma\u00e7\u00e3o dos funcion\u00e1rios das delegacias que sempre protelam as suas reais obriga\u00e7\u00f5es de bem atender a popula\u00e7\u00e3o. At\u00e9 culpa no sistema de computa\u00e7\u00e3o apresentaram para n\u00e3o registrarem uma simples ocorr\u00eancia, mas, segundo a Secretaria de Seguran\u00e7a P\u00fablica daquele Estado, o sistema de registro de ocorr\u00eancias \u00e9 informatizado e funciona 24 horas.<br \/>\nEm resposta a tal item da reportagem denunciante do descaso funcional, o delegado-geral da pol\u00edcia civil de S\u00e3o Paulo, Marcos Carneiro, em atitude justa e corajosa, tomou a responsabilidade para si ao afirmar categoricamente: <b>\u201cN\u00e3o \u00e9 culpa do policial civil que est\u00e1 de plant\u00e3o, \u00e9 culpa da administra\u00e7\u00e3o. E eu assumo a responsabilidade agora porque \u00e9 culpa minha. Eu tenho que dar as condi\u00e7\u00f5es para que um plant\u00e3o de Policia Civil seja adequado aos anseios de hoje\u201d.<\/b><br \/>\nVoltando ao ponto cr\u00edtico da mat\u00e9ria que foi a quest\u00e3o dos detentos do Maranh\u00e3o, sentimos que a problem\u00e1tica das delegacias de pol\u00edcia de todo o Brasil em estarem como respons\u00e1veis pelas cust\u00f3dias dos presos,  \u00e9 reconhecida como n\u00e3o condizente e ilegal pelo Conselho Nacional de Justi\u00e7a quando bem entende e afirma o Juiz Conselheiro Walter Nunes: <b>\u201cdistrito policial n\u00e3o \u00e9 lugar de preso, e n\u00e3o s\u00f3 por causa da precariedade e do risco de fugas. \u201cNa hora que tira o agente policial para guardar ou dar a guarda para pessoas que est\u00e3o recolhidas, voc\u00ea inibe ou prejudica essa atividade investigat\u00f3ria\u201d.<\/b><br \/>\nA triste realidade mostrada por aquela emissora televisiva seria menos deprimente se os presos das delegacias do Maranh\u00e3o estivessem encarcerados em penitenciarias ou cadeias p\u00fablicas, em responsabilidade das secretarias de justi\u00e7a, como de fato deveriam estar, o que n\u00e3o deixa de tirar o dem\u00e9rito da seguran\u00e7a publica daquele Estado.<br \/>\n\u00c9 preciso que se pensem pol\u00edcia com profissionalismo. A \u00e9poca do amadorismo, da pol\u00edcia artesanal, deve de vez ficar para tr\u00e1s e virar pe\u00e7a de museu. O governo do Maranh\u00e3o por certo amanheceu de luto em ter mostrado tamanha insensatez e descaso com os seus arremedos de delegacias para o Brasil e para o mundo, com seu contingente policial que se apresentou abaixo do \u00ednfimo. Policiais trabalhando em verdadeiras pocilgas que s\u00e3o apelidadas de delegacias, tomando conta de amontoados de presos em desacordo com a lei e ferindo de morte os seus direitos humanos e legais.<br \/>\nO teor principal da mat\u00e9ria jornal\u00edstica n\u00e3o s\u00f3 mostrou a fal\u00eancia da policia maranhense, mostrou o descaso do Legislativo, do Judici\u00e1rio e do Executivo, al\u00e9m da aparente inoper\u00e2ncia do Minist\u00e9rio P\u00fablico, que devem em urg\u00eancia urgent\u00edssima repensarem os seus atos e atitudes para transformarem em futuro pr\u00f3ximo, tal situa\u00e7\u00e3o vexat\u00f3ria em uma seguran\u00e7a publica mais justa para aquela sofrida popula\u00e7\u00e3o que est\u00e1 \u00f3rf\u00e3 de pai e m\u00e3e na sua prote\u00e7\u00e3o constitucional.<\/p>\n<p>&#8212;<br \/>\nAutor: Archimedes Marques (delegado de Policia no Estado de Sergipe. P\u00f3s-Graduado em Gest\u00e3o Estrat\u00e9gica de Seguran\u00e7a P\u00fablica pela UFS) &#8211; archimedes-marques@bol.com.br <\/p>\n","protected":false},"excerpt":{"rendered":"<p>A mat\u00e9ria principal do programa Fant\u00e1stico da rede globo apresentada ontem, dia 30\/01\/2011, mostrou uma seguran\u00e7a publica que o povo brasileiro abomina e apesar de apresentar o caos absoluto ocorrido principalmente nas delegacias do Estado do Maranh\u00e3o, atingiu em cheio todas as demais policias, aumentando ainda o conceito negativo que a popula\u00e7\u00e3o tem a respeito [&hellip;]<\/p>\n","protected":false},"author":2,"featured_media":0,"comment_status":"open","ping_status":"open","sticky":false,"template":"","format":"standard","meta":{"_links_to":"","_links_to_target":""},"categories":[10],"tags":[],"_links":{"self":[{"href":"https:\/\/www.r2cpress.com.br\/v1\/wp-json\/wp\/v2\/posts\/7872"}],"collection":[{"href":"https:\/\/www.r2cpress.com.br\/v1\/wp-json\/wp\/v2\/posts"}],"about":[{"href":"https:\/\/www.r2cpress.com.br\/v1\/wp-json\/wp\/v2\/types\/post"}],"author":[{"embeddable":true,"href":"https:\/\/www.r2cpress.com.br\/v1\/wp-json\/wp\/v2\/users\/2"}],"replies":[{"embeddable":true,"href":"https:\/\/www.r2cpress.com.br\/v1\/wp-json\/wp\/v2\/comments?post=7872"}],"version-history":[{"count":3,"href":"https:\/\/www.r2cpress.com.br\/v1\/wp-json\/wp\/v2\/posts\/7872\/revisions"}],"predecessor-version":[{"id":7875,"href":"https:\/\/www.r2cpress.com.br\/v1\/wp-json\/wp\/v2\/posts\/7872\/revisions\/7875"}],"wp:attachment":[{"href":"https:\/\/www.r2cpress.com.br\/v1\/wp-json\/wp\/v2\/media?parent=7872"}],"wp:term":[{"taxonomy":"category","embeddable":true,"href":"https:\/\/www.r2cpress.com.br\/v1\/wp-json\/wp\/v2\/categories?post=7872"},{"taxonomy":"post_tag","embeddable":true,"href":"https:\/\/www.r2cpress.com.br\/v1\/wp-json\/wp\/v2\/tags?post=7872"}],"curies":[{"name":"wp","href":"https:\/\/api.w.org\/{rel}","templated":true}]}}