{"id":79230,"date":"2014-02-21T21:16:11","date_gmt":"2014-02-22T00:16:11","guid":{"rendered":"http:\/\/www.r2cpress.com.br\/v1\/?p=79230"},"modified":"2014-02-21T21:16:11","modified_gmt":"2014-02-22T00:16:11","slug":"faixa-de-pedestre-nao-e-enfeite","status":"publish","type":"post","link":"https:\/\/www.r2cpress.com.br\/v1\/2014\/02\/21\/faixa-de-pedestre-nao-e-enfeite\/","title":{"rendered":"FAIXA DE PEDESTRE N\u00c3O \u00c9 ENFEITE"},"content":{"rendered":"<div id=\"attachment_79231\" style=\"width: 610px\" class=\"wp-caption aligncenter\"><a href=\"http:\/\/www.r2cpress.com.br\/v1\/wp-content\/uploads\/seguran\u00e7a-esquecida.jpg\"><img aria-describedby=\"caption-attachment-79231\" loading=\"lazy\" class=\"size-full wp-image-79231\" alt=\"FAIXA DE PEDESTRE N\u00c3O \u00c9 UMA IMITA\u00c7\u00c3O DE ZEBRA PINTADA NO CH\u00c3O.\" src=\"http:\/\/www.r2cpress.com.br\/v1\/wp-content\/uploads\/seguran\u00e7a-esquecida.jpg\" width=\"600\" height=\"450\" srcset=\"https:\/\/www.r2cpress.com.br\/v1\/wp-content\/uploads\/seguran\u00e7a-esquecida.jpg 600w, https:\/\/www.r2cpress.com.br\/v1\/wp-content\/uploads\/seguran\u00e7a-esquecida-300x225.jpg 300w\" sizes=\"(max-width: 600px) 100vw, 600px\" \/><\/a><p id=\"caption-attachment-79231\" class=\"wp-caption-text\"><strong>FAIXA DE PEDESTRE N\u00c3O \u00c9 UMA IMITA\u00c7\u00c3O DE ZEBRA PINTADA NO CH\u00c3O.<\/strong><\/p><\/div>\n<div dir=\"ltr\"><span style=\"font-family: 'Times New Roman'; line-height: 1.5em;\"><img loading=\"lazy\" class=\"alignleft\" alt=\"\" src=\"http:\/\/www.r2cpress.com.br\/v1\/wp-content\/uploads\/NILSON-PESSOA_MODIFICADA.jpg\" width=\"300\" height=\"209\" \/>Parece at\u00e9 que a faixa de pedestre \u00e9 algo sup\u00e9rfluo, in\u00fatil ou tanto faz.<\/span><\/div>\n<div dir=\"ltr\"><span style=\"font-family: 'Times New Roman';\">Nas vias de Ilh\u00e9us,\u00a0in\u00fameras faixas de seguran\u00e7a para pedestres est\u00e3o com sua pintura impercept\u00edvel, de t\u00e3o desgastada. Menos mal\u00a0se a faixa\u00a0\u00e9 provida de sem\u00e1foro, pois o pr\u00f3prio sem\u00e1foro (quando funciona)\u00a0j\u00e1 \u00e9 um alerta a motoristas e pedestres. Pior mesmo\u00a0s\u00e3o as faixas\u00a0isoladas, sem sem\u00e1foro. \u00c9 a\u00ed onde mora o perigo, tanto\u00a0para quem vai atravessar\u00a0a pista quanto para quem est\u00e1 ao volante. Destaco as faixas de pedestre da BA-001, trecho Faculdade de Ilh\u00e9us, trecho\u00a0AABB e trecho Cantinho Caipira, al\u00e9m da faixa do trecho Hotel Pontal Praia,\u00a0na Av.\u00a0Lomanto Jr.\u00a0e a da Rua Am\u00e9lia Nunes, entre a P\u00e7a. Cairu e a ponte (essa \u00faltima surpreende muitos motoristas).<\/span><\/div>\n<div dir=\"ltr\"><span style=\"font-family: 'Times New Roman';\">Claro, sem d\u00favida existem outras\u00a0em igual condi\u00e7\u00e3o de invisibilidade. Cito apenas essas, por constarem do meu trajeto rotineiro.\u00a0<\/span><br \/>\n<span style=\"font-family: 'Times New Roman';\">Portanto, dentre tantas coisas esquecidas nesta cidade,\u00a0incluamos tamb\u00e9m a importante sinaliza\u00e7\u00e3o horizontal do tr\u00e2nsito.<br \/>\nQuanto ao pedestre que n\u00e3o se preocupa em usar a faixa, ou o motorista que n\u00e3o respeita a faixa nem o pedestre, a\u00ed s\u00e3o outros quinhentos;\u00a0quest\u00e3o de (falta de) educa\u00e7\u00e3o, n\u00e3o s\u00f3 de simples\u00a0tinta, pincel e boa vontade.<\/span><\/div>\n<div dir=\"ltr\"><span style=\"font-family: 'Times New Roman';\">Ainda assim, em nome da seguran\u00e7a, melhor\u00a0que tiv\u00e9ssemos\u00a0as faixas sempre pintadas, ao inv\u00e9s de esquecidas e apagadas.<\/span><\/div>\n<div dir=\"ltr\">\n<p><span style=\"font-family: 'Times New Roman';\"><strong><em>Nilson Pessoa<\/em><\/strong><\/span><\/p>\n<\/div>\n","protected":false},"excerpt":{"rendered":"<p>Parece at\u00e9 que a faixa de pedestre \u00e9 algo sup\u00e9rfluo, in\u00fatil ou tanto faz. Nas vias de Ilh\u00e9us,\u00a0in\u00fameras faixas de seguran\u00e7a para pedestres est\u00e3o com sua pintura impercept\u00edvel, de t\u00e3o desgastada. Menos mal\u00a0se a faixa\u00a0\u00e9 provida de sem\u00e1foro, pois o pr\u00f3prio sem\u00e1foro (quando funciona)\u00a0j\u00e1 \u00e9 um alerta a motoristas e pedestres. Pior mesmo\u00a0s\u00e3o as faixas\u00a0isoladas, [&hellip;]<\/p>\n","protected":false},"author":2,"featured_media":0,"comment_status":"open","ping_status":"open","sticky":false,"template":"","format":"standard","meta":{"_links_to":"","_links_to_target":""},"categories":[10],"tags":[],"_links":{"self":[{"href":"https:\/\/www.r2cpress.com.br\/v1\/wp-json\/wp\/v2\/posts\/79230"}],"collection":[{"href":"https:\/\/www.r2cpress.com.br\/v1\/wp-json\/wp\/v2\/posts"}],"about":[{"href":"https:\/\/www.r2cpress.com.br\/v1\/wp-json\/wp\/v2\/types\/post"}],"author":[{"embeddable":true,"href":"https:\/\/www.r2cpress.com.br\/v1\/wp-json\/wp\/v2\/users\/2"}],"replies":[{"embeddable":true,"href":"https:\/\/www.r2cpress.com.br\/v1\/wp-json\/wp\/v2\/comments?post=79230"}],"version-history":[{"count":2,"href":"https:\/\/www.r2cpress.com.br\/v1\/wp-json\/wp\/v2\/posts\/79230\/revisions"}],"predecessor-version":[{"id":79233,"href":"https:\/\/www.r2cpress.com.br\/v1\/wp-json\/wp\/v2\/posts\/79230\/revisions\/79233"}],"wp:attachment":[{"href":"https:\/\/www.r2cpress.com.br\/v1\/wp-json\/wp\/v2\/media?parent=79230"}],"wp:term":[{"taxonomy":"category","embeddable":true,"href":"https:\/\/www.r2cpress.com.br\/v1\/wp-json\/wp\/v2\/categories?post=79230"},{"taxonomy":"post_tag","embeddable":true,"href":"https:\/\/www.r2cpress.com.br\/v1\/wp-json\/wp\/v2\/tags?post=79230"}],"curies":[{"name":"wp","href":"https:\/\/api.w.org\/{rel}","templated":true}]}}