{"id":7929,"date":"2011-02-02T14:19:41","date_gmt":"2011-02-02T17:19:41","guid":{"rendered":"http:\/\/www.r2cpress.com.br\/v1\/?p=7929"},"modified":"2011-02-02T14:19:41","modified_gmt":"2011-02-02T17:19:41","slug":"alfredo-amorim-em-destaques","status":"publish","type":"post","link":"https:\/\/www.r2cpress.com.br\/v1\/2011\/02\/02\/alfredo-amorim-em-destaques\/","title":{"rendered":"Alfredo Amorim em: &#8220;DESTAQUES&#8221;."},"content":{"rendered":"<p><center><strong>Perp\u00e9tua Marques<\/strong><br \/>\n<a href=\"http:\/\/www.r2cpress.com.br\/v1\/wp-content\/uploads\/PERP\u00c9TUA-MARQUES.jpg\"><img loading=\"lazy\" src=\"http:\/\/www.r2cpress.com.br\/v1\/wp-content\/uploads\/PERP\u00c9TUA-MARQUES-204x300.jpg\" alt=\"\" title=\"PERP\u00c9TUA MARQUES\" width=\"204\" height=\"300\" class=\"alignnone size-medium wp-image-7930\" srcset=\"https:\/\/www.r2cpress.com.br\/v1\/wp-content\/uploads\/PERP\u00c9TUA-MARQUES-204x300.jpg 204w, https:\/\/www.r2cpress.com.br\/v1\/wp-content\/uploads\/PERP\u00c9TUA-MARQUES.jpg 617w\" sizes=\"(max-width: 204px) 100vw, 204px\" \/><\/a><\/center><\/p>\n<p>\t<img align = \"left\" src = \"http:\/\/www.r2cpress.com.br\/v1\/wp-content\/uploads\/alfredo-amorim-nova.jpg\"\/>No dia 21 de agosto de 1943 nasceu em Po\u00e7\u00f5es (Ba), Perp\u00e9tua Chagas Marques, filha de Jos\u00e9 Nonato Marques (Cavalariano) e de D. Doralice Chagas Marques (do lar).<br \/>\n\tEm 1948, por motivos da profiss\u00e3o de seu pai mudou-se para Jacarec\u00ed, tamb\u00e9m na Bahia, e finalmente, em 1953 para a Rua Manoel Vitorino, 161 em Ilh\u00e9us depois indo morar na Pra\u00e7a. J. J. Seabra onde hoje se encontra a escola da 1\u00aa Igreja Batista. Perp\u00e9tua estudou na Escola Santa Cec\u00edlia da Prof. Uzuleica Silva, no Col\u00e9gio General Os\u00f3rio e depois no Gin\u00e1sio Municipal onde foi fazer o curso de magist\u00e9rio.<br \/>\n\tSolteira, loira de olhos azuis, Perpetua adorava a vida, ser fotografada, ir ao cinema, \u00e0 praia, dan\u00e7ar e falar ingl\u00eas.<br \/>\n\tTinha oito irm\u00e3os: Divaldo (Falecido), Rita, Doracy, Darcy (falecida), Arnon, Umberto e Ad\u00eamia. Era sobrinha do Sr. Syn\u00e9sio Celestino Chagas, grande comerciante e agricultor em Ilh\u00e9us.<br \/>\n\tPerp\u00e9tua ainda n\u00e3o era formada mas j\u00e1 ensinava na Escola Municipal do Banco da Vit\u00f3ria quando,  infelizmente,  por obra do destino,  no dia 17 de maio de 1961, quando voltava das aulas no Banco da Vit\u00f3ria, aconteceu o tr\u00e1gico acidente que lhe tirou a vida, perto do minador \u00e0s margens da estrada, no Banco da Vit\u00f3ria a Kombi em que viajava acidentou-se, pegando fogo e Perp\u00e9tua, presa \u00e0s ferragens, morreu carbonizada.<br \/>\n\tEm sua homenagem a Prefeitura de Ilh\u00e9us deu o  nome  de Perp\u00e9tua Marques \u00e0 escola que funciona ao lado do Instituto Municipal de Ensino (I. M. E.).<\/p>\n","protected":false},"excerpt":{"rendered":"<p>Perp\u00e9tua Marques No dia 21 de agosto de 1943 nasceu em Po\u00e7\u00f5es (Ba), Perp\u00e9tua Chagas Marques, filha de Jos\u00e9 Nonato Marques (Cavalariano) e de D. Doralice Chagas Marques (do lar). Em 1948, por motivos da profiss\u00e3o de seu pai mudou-se para Jacarec\u00ed, tamb\u00e9m na Bahia, e finalmente, em 1953 para a Rua Manoel Vitorino, 161 [&hellip;]<\/p>\n","protected":false},"author":2,"featured_media":0,"comment_status":"open","ping_status":"open","sticky":false,"template":"","format":"standard","meta":{"_links_to":"","_links_to_target":""},"categories":[10],"tags":[],"_links":{"self":[{"href":"https:\/\/www.r2cpress.com.br\/v1\/wp-json\/wp\/v2\/posts\/7929"}],"collection":[{"href":"https:\/\/www.r2cpress.com.br\/v1\/wp-json\/wp\/v2\/posts"}],"about":[{"href":"https:\/\/www.r2cpress.com.br\/v1\/wp-json\/wp\/v2\/types\/post"}],"author":[{"embeddable":true,"href":"https:\/\/www.r2cpress.com.br\/v1\/wp-json\/wp\/v2\/users\/2"}],"replies":[{"embeddable":true,"href":"https:\/\/www.r2cpress.com.br\/v1\/wp-json\/wp\/v2\/comments?post=7929"}],"version-history":[{"count":3,"href":"https:\/\/www.r2cpress.com.br\/v1\/wp-json\/wp\/v2\/posts\/7929\/revisions"}],"predecessor-version":[{"id":7933,"href":"https:\/\/www.r2cpress.com.br\/v1\/wp-json\/wp\/v2\/posts\/7929\/revisions\/7933"}],"wp:attachment":[{"href":"https:\/\/www.r2cpress.com.br\/v1\/wp-json\/wp\/v2\/media?parent=7929"}],"wp:term":[{"taxonomy":"category","embeddable":true,"href":"https:\/\/www.r2cpress.com.br\/v1\/wp-json\/wp\/v2\/categories?post=7929"},{"taxonomy":"post_tag","embeddable":true,"href":"https:\/\/www.r2cpress.com.br\/v1\/wp-json\/wp\/v2\/tags?post=7929"}],"curies":[{"name":"wp","href":"https:\/\/api.w.org\/{rel}","templated":true}]}}