{"id":796,"date":"2010-10-26T13:23:05","date_gmt":"2010-10-26T16:23:05","guid":{"rendered":"http:\/\/www.r2cpress.com.br\/v1\/?p=796"},"modified":"2010-10-26T13:23:05","modified_gmt":"2010-10-26T16:23:05","slug":"emasa-sem-luz-e-itabuna-sem-agua","status":"publish","type":"post","link":"https:\/\/www.r2cpress.com.br\/v1\/2010\/10\/26\/emasa-sem-luz-e-itabuna-sem-agua\/","title":{"rendered":"EMASA SEM LUZ E ITABUNA SEM \u00c1GUA"},"content":{"rendered":"<p>O tempo fechou na Empresa Municipal de \u00c1gua e Saneamento (Emasa). Oper\u00e1rios respons\u00e1veis por manuten\u00e7\u00e3o de rede e demais trabalhadores de campo est\u00e3o de bra\u00e7os cruzados, por temerem rea\u00e7\u00e3o popular. \u00c9 que desde as primeiras horas de hoje a cidade, por completo, est\u00e1 sem \u00e1gua.<\/p>\n<p>As primeiras informa\u00e7\u00f5es de fontes da pr\u00f3pria empresa d\u00e3o conta de um \u201cajuste\u201d entre o caixa da Emasa e o financeiro da Coelba. Dias atr\u00e1s, a companhia de eletricidade havia acionado o alicate: deixou a sede da empresa de saneamento sem energia. Desta vez, teria atingido a esta\u00e7\u00e3o de capta\u00e7\u00e3o em Rio do Bra\u00e7o. O Pimenta tentou, sem sucesso, um contato com a presid\u00eancia da Emasa. O telefone dava sempre ocupado.<\/p>\n<p><a href = \"http:\/\/www.pimentanamuqueca.com.br\/?p=57546\" = target = \"_news\"><b>PIMENTA NA MUQUECA<\/b><\/a><\/p>\n","protected":false},"excerpt":{"rendered":"<p>O tempo fechou na Empresa Municipal de \u00c1gua e Saneamento (Emasa). Oper\u00e1rios respons\u00e1veis por manuten\u00e7\u00e3o de rede e demais trabalhadores de campo est\u00e3o de bra\u00e7os cruzados, por temerem rea\u00e7\u00e3o popular. \u00c9 que desde as primeiras horas de hoje a cidade, por completo, est\u00e1 sem \u00e1gua. As primeiras informa\u00e7\u00f5es de fontes da pr\u00f3pria empresa d\u00e3o conta [&hellip;]<\/p>\n","protected":false},"author":2,"featured_media":0,"comment_status":"open","ping_status":"open","sticky":false,"template":"","format":"standard","meta":{"_links_to":"","_links_to_target":""},"categories":[15],"tags":[],"_links":{"self":[{"href":"https:\/\/www.r2cpress.com.br\/v1\/wp-json\/wp\/v2\/posts\/796"}],"collection":[{"href":"https:\/\/www.r2cpress.com.br\/v1\/wp-json\/wp\/v2\/posts"}],"about":[{"href":"https:\/\/www.r2cpress.com.br\/v1\/wp-json\/wp\/v2\/types\/post"}],"author":[{"embeddable":true,"href":"https:\/\/www.r2cpress.com.br\/v1\/wp-json\/wp\/v2\/users\/2"}],"replies":[{"embeddable":true,"href":"https:\/\/www.r2cpress.com.br\/v1\/wp-json\/wp\/v2\/comments?post=796"}],"version-history":[{"count":2,"href":"https:\/\/www.r2cpress.com.br\/v1\/wp-json\/wp\/v2\/posts\/796\/revisions"}],"predecessor-version":[{"id":798,"href":"https:\/\/www.r2cpress.com.br\/v1\/wp-json\/wp\/v2\/posts\/796\/revisions\/798"}],"wp:attachment":[{"href":"https:\/\/www.r2cpress.com.br\/v1\/wp-json\/wp\/v2\/media?parent=796"}],"wp:term":[{"taxonomy":"category","embeddable":true,"href":"https:\/\/www.r2cpress.com.br\/v1\/wp-json\/wp\/v2\/categories?post=796"},{"taxonomy":"post_tag","embeddable":true,"href":"https:\/\/www.r2cpress.com.br\/v1\/wp-json\/wp\/v2\/tags?post=796"}],"curies":[{"name":"wp","href":"https:\/\/api.w.org\/{rel}","templated":true}]}}