{"id":7976,"date":"2011-02-03T15:00:07","date_gmt":"2011-02-03T18:00:07","guid":{"rendered":"http:\/\/www.r2cpress.com.br\/v1\/?p=7976"},"modified":"2011-02-03T15:00:07","modified_gmt":"2011-02-03T18:00:07","slug":"teodorico-majestade-em-cartaz-no-teatro-vila-velha","status":"publish","type":"post","link":"https:\/\/www.r2cpress.com.br\/v1\/2011\/02\/03\/teodorico-majestade-em-cartaz-no-teatro-vila-velha\/","title":{"rendered":"TEODORICO MAJESTADE EM CARTAZ NO TEATRO VILA VELHA"},"content":{"rendered":"<p><a href=\"http:\/\/www.r2cpress.com.br\/v1\/wp-content\/uploads\/teodorico-majestade.jpeg\"><img loading=\"lazy\" src=\"http:\/\/www.r2cpress.com.br\/v1\/wp-content\/uploads\/teodorico-majestade.jpeg\" alt=\"\" title=\"teodorico majestade\" width=\"226\" height=\"147\" class=\"alignleft size-full wp-image-7977\" \/><\/a>A pe\u00e7a Teodorico Majestade, As \u00daltimas Horas de Um Prefeito ser\u00e1 apresentado neste final de semana, de 4 a 6 de fevereiro (sexta a domingo), no Teatro Vila Velha, em Salvador.<\/p>\n<p>O espet\u00e1culo, produzido pelo Teatro Popular de Ilh\u00e9us, foi selecionado no \u201cAmostr\u00e3o Vila Ver\u00e3o\u201d, que re\u00fane produ\u00e7\u00f5es teatrais que se destacaram na cena cultural baiana.<\/p>\n<p>Em 2011, o \u201cAmostr\u00e3o\u201d selecionou 16 espet\u00e1culos, que far\u00e3o 39 apresenta\u00e7\u00f5es, divididas em seis mostras: universit\u00e1ria, interiorana, do sub\u00farbio, residente, da cidade e infantil.<\/p>\n<p><!--more--><\/p>\n<p>Teodorico Majestade, As \u00daltimas Horas de um Prefeito conta \u201cest\u00f3rias\u201d do jogo pol\u00edtico, atrav\u00e9s das falcatruas praticadas em Ilha Bela, lugar fict\u00edcio que pode representar qualquer cidade do Brasil. Com di\u00e1logo leve e bem humorado, escrito em cordel, fala sobre a responsabilidade e cidadania de uma popula\u00e7\u00e3o que se revoltou contra Teodorico Majestade, um prefeito corrupto que entregou Ilha Bela aos caos.<\/p>\n<p>Teodorico tem texto e dire\u00e7\u00e3o de Romualdo Lisboa, dire\u00e7\u00e3o musical de Elielton Cabe\u00e7a, produ\u00e7\u00e3o de Rog\u00e9rio Matos, figurinos de T\u00e2nia Barbosa,  cen\u00e1rio de Makal\u00e9 e ilumina\u00e7\u00e3o de Ely Izidro.<\/p>\n<p>O elenco \u00e9 formado por Ely Izidro, T\u00e2nia Barbosa, Takaro V\u00edtor, Aldenor Garcia e Elielton Cabe\u00e7a.<\/p>\n<p>No Vila Velha, o espet\u00e1culo iniciar\u00e1 sempre \u00e0s 18 horas. Entrada RS 20,00 (inteira), R$ 10,00 (meia).<\/p>\n","protected":false},"excerpt":{"rendered":"<p>A pe\u00e7a Teodorico Majestade, As \u00daltimas Horas de Um Prefeito ser\u00e1 apresentado neste final de semana, de 4 a 6 de fevereiro (sexta a domingo), no Teatro Vila Velha, em Salvador. O espet\u00e1culo, produzido pelo Teatro Popular de Ilh\u00e9us, foi selecionado no \u201cAmostr\u00e3o Vila Ver\u00e3o\u201d, que re\u00fane produ\u00e7\u00f5es teatrais que se destacaram na cena cultural [&hellip;]<\/p>\n","protected":false},"author":2,"featured_media":0,"comment_status":"open","ping_status":"open","sticky":false,"template":"","format":"standard","meta":{"_links_to":"","_links_to_target":""},"categories":[5],"tags":[],"_links":{"self":[{"href":"https:\/\/www.r2cpress.com.br\/v1\/wp-json\/wp\/v2\/posts\/7976"}],"collection":[{"href":"https:\/\/www.r2cpress.com.br\/v1\/wp-json\/wp\/v2\/posts"}],"about":[{"href":"https:\/\/www.r2cpress.com.br\/v1\/wp-json\/wp\/v2\/types\/post"}],"author":[{"embeddable":true,"href":"https:\/\/www.r2cpress.com.br\/v1\/wp-json\/wp\/v2\/users\/2"}],"replies":[{"embeddable":true,"href":"https:\/\/www.r2cpress.com.br\/v1\/wp-json\/wp\/v2\/comments?post=7976"}],"version-history":[{"count":2,"href":"https:\/\/www.r2cpress.com.br\/v1\/wp-json\/wp\/v2\/posts\/7976\/revisions"}],"predecessor-version":[{"id":7979,"href":"https:\/\/www.r2cpress.com.br\/v1\/wp-json\/wp\/v2\/posts\/7976\/revisions\/7979"}],"wp:attachment":[{"href":"https:\/\/www.r2cpress.com.br\/v1\/wp-json\/wp\/v2\/media?parent=7976"}],"wp:term":[{"taxonomy":"category","embeddable":true,"href":"https:\/\/www.r2cpress.com.br\/v1\/wp-json\/wp\/v2\/categories?post=7976"},{"taxonomy":"post_tag","embeddable":true,"href":"https:\/\/www.r2cpress.com.br\/v1\/wp-json\/wp\/v2\/tags?post=7976"}],"curies":[{"name":"wp","href":"https:\/\/api.w.org\/{rel}","templated":true}]}}