{"id":799,"date":"2010-10-26T13:29:11","date_gmt":"2010-10-26T16:29:11","guid":{"rendered":"http:\/\/www.r2cpress.com.br\/v1\/?p=799"},"modified":"2010-10-26T13:29:11","modified_gmt":"2010-10-26T16:29:11","slug":"camara-municipal-de-ilheus-4","status":"publish","type":"post","link":"https:\/\/www.r2cpress.com.br\/v1\/2010\/10\/26\/camara-municipal-de-ilheus-4\/","title":{"rendered":"C\u00e2mara Municipal de Ilh\u00e9us"},"content":{"rendered":"<p><strong>Vereador Valmir Freitas solicita melhorias em Banco Central<\/strong><\/p>\n<p><div id=\"attachment_800\" style=\"width: 231px\" class=\"wp-caption alignright\"><a href=\"http:\/\/www.r2cpress.com.br\/v1\/wp-content\/uploads\/cmi-valmir.jpg\"><img aria-describedby=\"caption-attachment-800\" loading=\"lazy\" src=\"http:\/\/www.r2cpress.com.br\/v1\/wp-content\/uploads\/cmi-valmir.jpg\" alt=\"\" title=\"cmi valmir\" width=\"221\" height=\"166\" class=\"size-full wp-image-800\" \/><\/a><p id=\"caption-attachment-800\" class=\"wp-caption-text\">Vereador Valmir Freitas<\/p><\/div><br \/>\nAtrav\u00e9s das indica\u00e7\u00f5es de n\u00fameros 466, 467, 468 e 469\/2010, o vereador Valmir Freitas solicita ao Executivo Municipal pavimenta\u00e7\u00e3o a paralelep\u00edpedo em diversas ruas do Distrito de Banco Central. A solicita\u00e7\u00e3o vem atender aos anseios da popula\u00e7\u00e3o local que sofre com ruas esburacadas e que em \u00e9poca de chuvas se transformam em verdadeiros lama\u00e7ais. &#8220;\u00c9 preciso voltar os olhares para as necessidades da popula\u00e7\u00e3o, pois acreditamos que servi\u00e7os b\u00e1sicos s\u00e3o essenciais para melhorar a qualidade de vida dos cidad\u00e3os&#8221;, finalizou o vereador.<\/p>\n","protected":false},"excerpt":{"rendered":"<p>Vereador Valmir Freitas solicita melhorias em Banco Central Atrav\u00e9s das indica\u00e7\u00f5es de n\u00fameros 466, 467, 468 e 469\/2010, o vereador Valmir Freitas solicita ao Executivo Municipal pavimenta\u00e7\u00e3o a paralelep\u00edpedo em diversas ruas do Distrito de Banco Central. A solicita\u00e7\u00e3o vem atender aos anseios da popula\u00e7\u00e3o local que sofre com ruas esburacadas e que em \u00e9poca [&hellip;]<\/p>\n","protected":false},"author":2,"featured_media":0,"comment_status":"open","ping_status":"open","sticky":false,"template":"","format":"standard","meta":{"_links_to":"","_links_to_target":""},"categories":[22],"tags":[],"_links":{"self":[{"href":"https:\/\/www.r2cpress.com.br\/v1\/wp-json\/wp\/v2\/posts\/799"}],"collection":[{"href":"https:\/\/www.r2cpress.com.br\/v1\/wp-json\/wp\/v2\/posts"}],"about":[{"href":"https:\/\/www.r2cpress.com.br\/v1\/wp-json\/wp\/v2\/types\/post"}],"author":[{"embeddable":true,"href":"https:\/\/www.r2cpress.com.br\/v1\/wp-json\/wp\/v2\/users\/2"}],"replies":[{"embeddable":true,"href":"https:\/\/www.r2cpress.com.br\/v1\/wp-json\/wp\/v2\/comments?post=799"}],"version-history":[{"count":2,"href":"https:\/\/www.r2cpress.com.br\/v1\/wp-json\/wp\/v2\/posts\/799\/revisions"}],"predecessor-version":[{"id":802,"href":"https:\/\/www.r2cpress.com.br\/v1\/wp-json\/wp\/v2\/posts\/799\/revisions\/802"}],"wp:attachment":[{"href":"https:\/\/www.r2cpress.com.br\/v1\/wp-json\/wp\/v2\/media?parent=799"}],"wp:term":[{"taxonomy":"category","embeddable":true,"href":"https:\/\/www.r2cpress.com.br\/v1\/wp-json\/wp\/v2\/categories?post=799"},{"taxonomy":"post_tag","embeddable":true,"href":"https:\/\/www.r2cpress.com.br\/v1\/wp-json\/wp\/v2\/tags?post=799"}],"curies":[{"name":"wp","href":"https:\/\/api.w.org\/{rel}","templated":true}]}}