{"id":79925,"date":"2014-03-14T07:52:06","date_gmt":"2014-03-14T10:52:06","guid":{"rendered":"http:\/\/www.r2cpress.com.br\/v1\/?p=79925"},"modified":"2014-03-14T07:52:06","modified_gmt":"2014-03-14T10:52:06","slug":"tenda-teatro-popular-de-ilheus","status":"publish","type":"post","link":"https:\/\/www.r2cpress.com.br\/v1\/2014\/03\/14\/tenda-teatro-popular-de-ilheus\/","title":{"rendered":"Tenda Teatro Popular de Ilh\u00e9us"},"content":{"rendered":"<p align=\"center\"><b><i>Teodorico Majestade<\/i><\/b><b>\u00a0em cartaz \u00a0<\/b><b>todas as sextas na Tenda TPI<\/b><\/p>\n<p style=\"text-align: justify;\" align=\"center\"><b>\u00a0<\/b>A com\u00e9dia\u00a0<i>Teodorico Majestade \u2013 as \u00faltimas horas de um prefeito<\/i>\u00a0estar\u00e1 em cartaz todas as sextas-feiras do m\u00eas de mar\u00e7o, na Tenda Teatro Popular de Ilh\u00e9us (TPI). A partir de amanh\u00e3 (14), quem ainda n\u00e3o assistiu \u00e0 s\u00e1tira em cordel tem a oportunidade de conferir um dos espet\u00e1culos hist\u00f3ricos do TPI, no espa\u00e7o cultural montado na Avenida Soares Lopes. As sess\u00f5es come\u00e7am \u00e0s 20 horas e as entradas custam R$ 20 e R$ 10 para estudantes, idosos e s\u00f3cios do Cart\u00e3o TPI. A classifica\u00e7\u00e3o indicativa \u00e9 14 anos.<\/p>\n<p style=\"text-align: justify;\">H\u00e1 sete anos em cartaz,\u00a0<i>Teodorico Majestade<\/i>\u00a0segue mostrando o lado rid\u00edculo da pol\u00edtica corrupta e incentivando o povo a exercer seus direitos de cidad\u00e3o. A montagem j\u00e1 foi apresentada em v\u00e1rias cidades da Bahia, incluindo a capital, al\u00e9m de Rio de Janeiro, S\u00e3o Paulo, Curitiba e Alagoas. \u201cPor onde passamos, algu\u00e9m diz que Teodorico se parece com algum pol\u00edtico local. Infelizmente, ele representa um modelo negativo, comum em nosso pa\u00eds, e que devemos lutar para virar exce\u00e7\u00e3o\u201d, disse o autor e diretor Romualdo Lisboa.<\/p>\n<p style=\"text-align: justify;\">O espet\u00e1culo foi montado a partir de pesquisas sobre a literatura de cordel, xilogravura e cancioneiro nordestino.\u00a0<i>Teodorico<\/i>\u00a0surgiu como protesto \u00e0 s\u00e9rie de esc\u00e2ndalos pol\u00edticos que aconteceu em Ilh\u00e9us no ano de 2006, mas continua atual. Assim, a hist\u00f3ria se passa na fict\u00edcia Ilha Bela, onde o prefeito desonesto, boca-suja e beberr\u00e3o se v\u00ea abandonado pelos seus comparsas. Acuado em seu gabinete, ele tenta negociar com o povo, que pede sua cassa\u00e7\u00e3o imediata.<\/p>\n","protected":false},"excerpt":{"rendered":"<p>Teodorico Majestade\u00a0em cartaz \u00a0todas as sextas na Tenda TPI \u00a0A com\u00e9dia\u00a0Teodorico Majestade \u2013 as \u00faltimas horas de um prefeito\u00a0estar\u00e1 em cartaz todas as sextas-feiras do m\u00eas de mar\u00e7o, na Tenda Teatro Popular de Ilh\u00e9us (TPI). A partir de amanh\u00e3 (14), quem ainda n\u00e3o assistiu \u00e0 s\u00e1tira em cordel tem a oportunidade de conferir um dos [&hellip;]<\/p>\n","protected":false},"author":2,"featured_media":0,"comment_status":"open","ping_status":"open","sticky":false,"template":"","format":"standard","meta":{"_links_to":"","_links_to_target":""},"categories":[5],"tags":[],"_links":{"self":[{"href":"https:\/\/www.r2cpress.com.br\/v1\/wp-json\/wp\/v2\/posts\/79925"}],"collection":[{"href":"https:\/\/www.r2cpress.com.br\/v1\/wp-json\/wp\/v2\/posts"}],"about":[{"href":"https:\/\/www.r2cpress.com.br\/v1\/wp-json\/wp\/v2\/types\/post"}],"author":[{"embeddable":true,"href":"https:\/\/www.r2cpress.com.br\/v1\/wp-json\/wp\/v2\/users\/2"}],"replies":[{"embeddable":true,"href":"https:\/\/www.r2cpress.com.br\/v1\/wp-json\/wp\/v2\/comments?post=79925"}],"version-history":[{"count":1,"href":"https:\/\/www.r2cpress.com.br\/v1\/wp-json\/wp\/v2\/posts\/79925\/revisions"}],"predecessor-version":[{"id":79926,"href":"https:\/\/www.r2cpress.com.br\/v1\/wp-json\/wp\/v2\/posts\/79925\/revisions\/79926"}],"wp:attachment":[{"href":"https:\/\/www.r2cpress.com.br\/v1\/wp-json\/wp\/v2\/media?parent=79925"}],"wp:term":[{"taxonomy":"category","embeddable":true,"href":"https:\/\/www.r2cpress.com.br\/v1\/wp-json\/wp\/v2\/categories?post=79925"},{"taxonomy":"post_tag","embeddable":true,"href":"https:\/\/www.r2cpress.com.br\/v1\/wp-json\/wp\/v2\/tags?post=79925"}],"curies":[{"name":"wp","href":"https:\/\/api.w.org\/{rel}","templated":true}]}}