{"id":80302,"date":"2014-03-20T22:35:12","date_gmt":"2014-03-21T01:35:12","guid":{"rendered":"http:\/\/www.r2cpress.com.br\/v1\/?p=80302"},"modified":"2014-03-20T22:35:12","modified_gmt":"2014-03-21T01:35:12","slug":"peritos-confirmam-foi-ele-sim","status":"publish","type":"post","link":"https:\/\/www.r2cpress.com.br\/v1\/2014\/03\/20\/peritos-confirmam-foi-ele-sim\/","title":{"rendered":"Peritos confirmam: Foi ele sim"},"content":{"rendered":"<p>Recentemente fiz uma observa\u00e7\u00e3o sobre o verdadeiro modelo para a cria\u00e7\u00e3o do rosto de Jorge Amado quando a prefeitura fez um arer\u00ea danado para mostr\u00e1-la. Fez um mist\u00e9rio do zinferno que colocou at\u00e9 um len\u00e7ol em cima dela pra ningu\u00e9m ver antes dos inauguradores oficiais. Ficou parecendo  um <a href = \"http:\/\/www.r2cpress.com.br\/v1\/2014\/03\/14\/vixe-7\/\" target = \"_news\"><b>FANTASMA<\/b><\/a> e se ela estivesse assim durante a noite muitos n\u00f3ias sairiam em disparada pelo com\u00e9rcio morrendo de medo da assombra\u00e7\u00e3o. Aquele len\u00e7ol foi escolhido a dedo&#8230;<\/p>\n<p>Quando chegou o release pirot\u00e9cnico  para assuntos de anunciar a inaugura\u00e7\u00e3o da  est\u00e1tua eu bat\u00ed os olhos na foto da magn\u00e2nima e disse, de bate pronto,  que o &#8216;modelo&#8217; n\u00e3o teria sido foto de Jorge Amado e sim a de um amigo nosso, gente boa pra caramba que nem com reza  braba desta vez vou citar o nome kkkkkkkkkkkkkkkkkkkkkkkkkkkkkkkkkkkkkkkkkkkkkkkk ele vai me matar depois dessa&#8230;<\/p>\n<p>No face, fiz um coment\u00e1rio despretencioso e ele entrou contestando minha afirma\u00e7\u00e3o e ainda citou, como detalhe para sua negativa, um simples e quase impercept\u00edvel bigode. Ora, \u00e9 evidente que eu n\u00e3o ficaria na condi\u00e7\u00e3o de contestado assim, publicamente,  e fui buscar os peritos principalmente os especializados em fundi\u00e7\u00e3o. Foram 30 peritos em   fundi\u00e7\u00e3o e 31 de cirurgia pl\u00e1stica na adequa\u00e7\u00e3o proporcional no sentido inverso das   linhas bitusas e que apos incans\u00e1veis horas de medi\u00e7\u00e3o conclu\u00edram que o arredondamento da cabe\u00e7a de Jorge Est\u00e1tua Amado teria que ser mais aprumado porque se botasse a cabe\u00e7a verdadeira n\u00e3o existiria simetria longitudinal de prumo meio que ereto e com tend\u00eancias para esquerda. Observe que ele est\u00e1 empenado pro lado da Catedral.<\/p>\n<p>Desse modo e finalmente, gostaria de agradecer, imensamente, a colabora\u00e7\u00e3o de todos e reafirmar, com convic\u00e7\u00e3o e com base em laudos periciais  &#8211; t\u00e9cnicos &#8211;  cient\u00edficos e paranormais que o modelo  <strong>FOI ELE SIM<\/strong>.<\/p>\n<p><center>  <a href=\"http:\/\/www.r2cpress.com.br\/v1\/wp-content\/uploads\/Jorge-Roriz-Amado.jpg\"><img loading=\"lazy\" src=\"http:\/\/www.r2cpress.com.br\/v1\/wp-content\/uploads\/Jorge-Roriz-Amado.jpg\" alt=\"Jorge Roriz Amado\" width=\"600\" height=\"846\" class=\"aligncenter size-full wp-image-80304\" srcset=\"https:\/\/www.r2cpress.com.br\/v1\/wp-content\/uploads\/Jorge-Roriz-Amado.jpg 600w, https:\/\/www.r2cpress.com.br\/v1\/wp-content\/uploads\/Jorge-Roriz-Amado-212x300.jpg 212w\" sizes=\"(max-width: 600px) 100vw, 600px\" \/><\/a> <\/center><\/p>\n<p>Portanto, miss\u00e3o cumprida <\/p>\n<p>Vou ficar, agora, bem mais tranquilo porque matei  a cobra e mostrei a cobra (morta).<\/p>\n<p>Bj\u00e3o e vamos esperar o resultado dessa per\u00edcia que estamos mostrando em grande estilo. <\/p>\n<p>T\u00e9 + V, boa noite e fiquem com <strong>DEUS <\/strong>(Sempre!).<\/p>\n<p>Rabat<\/p>\n","protected":false},"excerpt":{"rendered":"<p>Recentemente fiz uma observa\u00e7\u00e3o sobre o verdadeiro modelo para a cria\u00e7\u00e3o do rosto de Jorge Amado quando a prefeitura fez um arer\u00ea danado para mostr\u00e1-la. Fez um mist\u00e9rio do zinferno que colocou at\u00e9 um len\u00e7ol em cima dela pra ningu\u00e9m ver antes dos inauguradores oficiais. Ficou parecendo um FANTASMA e se ela estivesse assim durante [&hellip;]<\/p>\n","protected":false},"author":2,"featured_media":0,"comment_status":"open","ping_status":"open","sticky":false,"template":"","format":"standard","meta":{"_links_to":"","_links_to_target":""},"categories":[4],"tags":[],"_links":{"self":[{"href":"https:\/\/www.r2cpress.com.br\/v1\/wp-json\/wp\/v2\/posts\/80302"}],"collection":[{"href":"https:\/\/www.r2cpress.com.br\/v1\/wp-json\/wp\/v2\/posts"}],"about":[{"href":"https:\/\/www.r2cpress.com.br\/v1\/wp-json\/wp\/v2\/types\/post"}],"author":[{"embeddable":true,"href":"https:\/\/www.r2cpress.com.br\/v1\/wp-json\/wp\/v2\/users\/2"}],"replies":[{"embeddable":true,"href":"https:\/\/www.r2cpress.com.br\/v1\/wp-json\/wp\/v2\/comments?post=80302"}],"version-history":[{"count":5,"href":"https:\/\/www.r2cpress.com.br\/v1\/wp-json\/wp\/v2\/posts\/80302\/revisions"}],"predecessor-version":[{"id":80308,"href":"https:\/\/www.r2cpress.com.br\/v1\/wp-json\/wp\/v2\/posts\/80302\/revisions\/80308"}],"wp:attachment":[{"href":"https:\/\/www.r2cpress.com.br\/v1\/wp-json\/wp\/v2\/media?parent=80302"}],"wp:term":[{"taxonomy":"category","embeddable":true,"href":"https:\/\/www.r2cpress.com.br\/v1\/wp-json\/wp\/v2\/categories?post=80302"},{"taxonomy":"post_tag","embeddable":true,"href":"https:\/\/www.r2cpress.com.br\/v1\/wp-json\/wp\/v2\/tags?post=80302"}],"curies":[{"name":"wp","href":"https:\/\/api.w.org\/{rel}","templated":true}]}}