{"id":804,"date":"2010-10-26T13:51:23","date_gmt":"2010-10-26T16:51:23","guid":{"rendered":"http:\/\/www.r2cpress.com.br\/v1\/?p=804"},"modified":"2010-10-26T13:51:23","modified_gmt":"2010-10-26T16:51:23","slug":"prefeitura-municipal-de-ilheus-5","status":"publish","type":"post","link":"https:\/\/www.r2cpress.com.br\/v1\/2010\/10\/26\/prefeitura-municipal-de-ilheus-5\/","title":{"rendered":"Prefeitura Municipal de Ilh\u00e9us"},"content":{"rendered":"<p><div id=\"attachment_805\" style=\"width: 310px\" class=\"wp-caption alignnone\"><a href=\"http:\/\/www.r2cpress.com.br\/v1\/wp-content\/uploads\/pmi-26-10-2010.jpg\"><img aria-describedby=\"caption-attachment-805\" loading=\"lazy\" src=\"http:\/\/www.r2cpress.com.br\/v1\/wp-content\/uploads\/pmi-26-10-2010-300x225.jpg\" alt=\"\" title=\"pmi 26 10 2010\" width=\"300\" height=\"225\" class=\"size-medium wp-image-805\" srcset=\"https:\/\/www.r2cpress.com.br\/v1\/wp-content\/uploads\/pmi-26-10-2010-300x225.jpg 300w, https:\/\/www.r2cpress.com.br\/v1\/wp-content\/uploads\/pmi-26-10-2010.jpg 750w\" sizes=\"(max-width: 300px) 100vw, 300px\" \/><\/a><p id=\"caption-attachment-805\" class=\"wp-caption-text\">A\u00e7\u00f5es da Prefeitura de Ilh\u00e9us<\/p><\/div><br \/>\nMutir\u00e3o da coluna trata  pacientes em Ilh\u00e9us<br \/>\nSa\u00fade realiza \u00faltima etapa do curso  de detec\u00e7\u00e3o do c\u00e2ncer infanto-juvenil<br \/>\nPrefeitura de Ilh\u00e9us abre licita\u00e7\u00e3o para contratar empresa de limpeza p\u00fablica<br \/>\nSindicato premia radialistas que mais se destacaram em Ilh\u00e9us<br \/>\n<!--more--><\/p>\n<p><strong>***<\/strong><\/p>\n<p><strong>Mutir\u00e3o da coluna trata  pacientes em Ilh\u00e9us<\/strong><\/p>\n<p>Os profissionais envolvidos no Mutir\u00e3o da Coluna, realizado de 25 a 28 deste m\u00eas fazem atendimento no audit\u00f3rio do Centro de Testagem e Amostragem (antiga Funda\u00e7\u00e3o-Sesp), na avenida Canavieiras. A a\u00e7\u00e3o tem o objetivo de atender a popula\u00e7\u00e3o de todas as faixas et\u00e1rias que sofrem com dores de coluna. O projeto \u00e9 parceria entre a secretaria municipal da Sa\u00fade e o Projeto Cidade-Irm\u00e3s. O atendimento \u00e9 realizado por tr\u00eas quiropraxistas e 20 residentes da \u201cCidade-Irm\u00e3\u201d de Ilh\u00e9us, Davenport, no estado norte-americano de Iowa.<\/p>\n<p>O projeto cidades-irm\u00e3s tem a finalidaade de criar rela\u00e7\u00f5es e mecanismos protocolares, essencialmente nos n\u00edveis econ\u00f4mico e cultural, atrav\u00e9s dos quais cidades de \u00e1reas geogr\u00e1ficas ou pol\u00edticas distintas estabelecem la\u00e7os de coopera\u00e7\u00e3o. Ilh\u00e9us e Davenport possuem a titula\u00e7\u00e3o de cidades-irm\u00e3s desde 2004. Os quiropraxistas s\u00e3o de uma das mais tradicionais faculdades americanas, a Palmer College of Chiropractice, que possui 115 anos de exist\u00eancia.<\/p>\n<p>Para o atendimento, o paciente preenche ficha com informa\u00e7\u00f5es sobre o atual estado de sa\u00fade e problemas apresentados. Feito isto, \u00e9 realizada r\u00e1pida consulta com auxilio de tradutores para a triagem e s\u00e3o verificados os sintomas apresentados atrav\u00e9s de exames neurol\u00f3gicos e ortop\u00e9dicos. A depender da situa\u00e7\u00e3o do paciente o tratamento pode ser prolongado durante os outros dias do mutir\u00e3o. <\/p>\n<p>Segundo o quiropraxista brasileiro Ian Rocha, formado na Palmer College nos EUA e que atende na cidade baiana de Seabra, o foco principal do mutir\u00e3o \u00e9 diagnosticar e tratar problemas de coluna e prevenir complica\u00e7\u00f5es futuras. Ele informou que este programa \u00e9 oferecido pela universidade americana aos residentes em mais de 15 pa\u00edses incluindo o Brasil, que recebe os estudantes em diferentes regi\u00f5es. O programa de interc\u00e2mbio para residentes quiropraxistas j\u00e1 esteve em Ilh\u00e9us tr\u00eas vezes e a previs\u00e3o \u00e9 de que esta visita aconte\u00e7a anualmente.<\/p>\n<p>A previs\u00e3o da coordena\u00e7\u00e3o do mutir\u00e3o \u00e9 que sejam realizados cerca de 400 atendimentos di\u00e1rios, que ser\u00e3o realizados das 8 as 12 e das 14 \u00e0s 17 horas. A quiropraxia \u00e9 uma profiss\u00e3o da sa\u00fade que lida com o diagn\u00f3stico, tratamento e a preven\u00e7\u00e3o das desordens do sistema neuro-m\u00fasculo-esquel\u00e9tico e dos efeitos destas desordens na sa\u00fade em geral.<\/p>\n<p><strong>Sa\u00fade realiza \u00faltima etapa do curso  de detec\u00e7\u00e3o do c\u00e2ncer infanto-juvenil <\/strong><\/p>\n<p>A Secretaria de Sa\u00fade de Ilh\u00e9us realiza o \u00faltimo bloco de treinamento para os profissionais de sa\u00fade em detec\u00e7\u00e3o precoce do c\u00e2ncer infanto-juvenil. Esta etapa envolve as unidades de sa\u00fade da fam\u00edlia das localidades rurais de Couto, Santo Antonio, Banco Central, Banco do Pedro, Castelo Novo, Sambaituba, Aritagu\u00e1, Inema e Pimenteira. Esta etapa do treinamento acontece no audit\u00f3rio da Justi\u00e7a Federal, no centro, sempre a partir das 14 horas. A capacita\u00e7\u00e3o ocorre em cinco encontros e o in\u00edcio est\u00e1 agendado para esta quinta-feira (28). O treinamento prossegue nos dias 4, 5,11 e 12 de novembro. <\/p>\n<p>\u00c9 necess\u00e1ria a presen\u00e7a de todos os profissionais como m\u00e9dicos, enfermeiros e agentes comunit\u00e1rios, al\u00e9m dos demais integrantes das equipes das unidades de sa\u00fade que realizam exame f\u00edsico, com exce\u00e7\u00e3o dos funcion\u00e1rios da recep\u00e7\u00e3o, servi\u00e7os gerais e auxiliar administrativo. O material did\u00e1tico ser\u00e1 disponibilizado pelo curso. <\/p>\n<p>A taxa de incid\u00eancia para todos os tipos de c\u00e2ncer em crian\u00e7as e adolescentes tem aumentado nas \u00faltimas d\u00e9cadas e atualmente, o c\u00e2ncer pedi\u00e1trico se destaca como a mais importante causa de \u00f3bito entre crian\u00e7as de zero e 14 anos nos pa\u00edses em desenvolvimento.<\/p>\n<p>A responsabilidade pelo atraso do diagn\u00f3stico pode ser do paciente, da fam\u00edlia, do cl\u00ednico ou do comportamento biol\u00f3gico da doen\u00e7a, por raz\u00f5es socioecon\u00f4micas (sistema p\u00fablico ou privado de sa\u00fade, dist\u00e2ncia de centros m\u00e9dicos). Geralmente, quanto maior \u00e9 o atraso do diagn\u00f3stico, mais avan\u00e7ada \u00e9 a doen\u00e7a, menores s\u00e3o as chances de cura e maiores ser\u00e3o as sequelas decorrentes do tratamento mais agressivo. Gra\u00e7as \u00e0 abordagem multidisciplinar, o c\u00e2ncer infantil pode atingir \u00edndices de cura de 60 a 70%, mas \u00e9 imprescind\u00edvel o diagn\u00f3stico precoce.<\/p>\n<p>Pensando em situa\u00e7\u00f5es como essas, o N\u00facleo de Estudo e Orienta\u00e7\u00e3o em Oncologia Pedi\u00e1trica da Universidade Estadual de Santa Cruz (Uesc), em parceria com o Instituto Ronald MC Donald criou o projeto Detec\u00e7\u00e3o Precoce do C\u00e2ncer Infanto-Juvenil. O objetivo \u00e9 aumentar o n\u00famero de casos diagnosticados precocemente do c\u00e2ncer infanto-juvenil, reduzir o tempo entre o aparecimento de sinais e sintomas e o diagn\u00f3stico em servi\u00e7o especializado, de modo a contribuir com o aumento da probabilidade de cura de crian\u00e7as e adolescentes com c\u00e2ncer.<\/p>\n<p><strong>Prefeitura de Ilh\u00e9us abre licita\u00e7\u00e3o para contratar empresa de limpeza p\u00fablica<\/strong><\/p>\n<p>A Prefeitura de Ilh\u00e9us divulgou nesta quarta-feira (27) edital para tornar p\u00fablico a abertura de processo licitat\u00f3rio na modalidade de concorr\u00eancia p\u00fablica, destinada \u00e0 contrata\u00e7\u00e3o de empresa para executar servi\u00e7os de limpeza p\u00fablica em Ilh\u00e9us. A empresa deve fornecer todo o equipamento e material necess\u00e1rios de acordo com as quantidades, normas e especifica\u00e7\u00f5es que constam no edital. A apresenta\u00e7\u00e3o ser\u00e1 at\u00e9 o dia 30 de novembro, \u00e0s 9 horas, no sal\u00e3o nobre do Pal\u00e1cio Paranagu\u00e1, localizado na Pra\u00e7a J. J. Seabra. <\/p>\n<p>O presidente da comiss\u00e3o permanente de licita\u00e7\u00e3o, Silvan Silva Oliveira, disse que os esclarecimentos ser\u00e3o prestados pelos representantes da comiss\u00e3o de licita\u00e7\u00e3o, diariamente, das 12 \u00e0s 18 horas, no setor de Divis\u00e3o de Licita\u00e7\u00f5es, localizado no 4\u00ba andar do Anexo de Secretarias (rua Santos Dumont), centro. Informa\u00e7\u00f5es adicionais tamb\u00e9m podem ser obtidas por meio dos telefones (73) 3234-3541, 3234-5542 e 3234-3575, ou atrav\u00e9s do fax 3234-3545.<\/p>\n<p><strong>Sindicato premia radialistas que mais se destacaram em Ilh\u00e9us<\/strong><\/p>\n<p>O Sindicato dos Trabalhadores em Empresas de Radiodifus\u00e3o e Televis\u00e3o de Ilh\u00e9us inicia a partir desta quarta-feira (27), a escolha dos profissionais locais do r\u00e1dio que mais se destacaram este ano. Uma urna ser\u00e1 disponibilizada \u00e0 popula\u00e7\u00e3o e est\u00e1 localizada no sagu\u00e3o da sede da Associa\u00e7\u00e3o Comercial, estando dispon\u00edvel para vota\u00e7\u00e3o em hor\u00e1rio comercial. Os mais votados v\u00e3o receber o trof\u00e9u Candango do Yp\u00ea, edi\u00e7\u00e3o 2010. <\/p>\n<p>A popula\u00e7\u00e3o pode votar em 66 profissionais divididos em 14 categorias: programa policial, locutor de FM, rep\u00f3rteres esportivo e externo, locutor esportivo, comentarista esportivo, programa matinal forr\u00f3\/sertanejo, programa de entretenimento, variedades e m\u00fasica, t\u00e9cnico de radiodifus\u00e3o, operador de \u00e1udio, operador de grava\u00e7\u00e3o\/programa\u00e7\u00e3o, operador de transmissor, programa esportivo e programas de not\u00edcias, pol\u00edtica e opini\u00e3o. <\/p>\n<p>O presidente do sindicato, Elias Reis, disse que cada pessoa s\u00f3 pode votar mediante apresenta\u00e7\u00e3o do RG, apenas uma vez, num \u00fanico profissional ou programa, por categoria. A apura\u00e7\u00e3o dos votos acontece a partir das 18 horas do dia 5, com a presen\u00e7a de representantes das emissoras locais, representante de auditora do Minist\u00e9rio do Trabalho, entre outros. O trabalho de apura\u00e7\u00e3o ser\u00e1 coordenado pela empresa InforWord-i, respons\u00e1vel pela execu\u00e7\u00e3o do programa de vota\u00e7\u00e3o eletr\u00f4nica. <\/p>\n<p>Elias Reis informa que apenas programas com formata\u00e7\u00e3o di\u00e1ria est\u00e3o participando da vota\u00e7\u00e3o. A festa dos radialistas acontece no dia 7, no Clube Sat\u00e9lite, a partir da 12 horas.<\/p>\n","protected":false},"excerpt":{"rendered":"<p>Mutir\u00e3o da coluna trata pacientes em Ilh\u00e9us Sa\u00fade realiza \u00faltima etapa do curso de detec\u00e7\u00e3o do c\u00e2ncer infanto-juvenil Prefeitura de Ilh\u00e9us abre licita\u00e7\u00e3o para contratar empresa de limpeza p\u00fablica Sindicato premia radialistas que mais se destacaram em Ilh\u00e9us<\/p>\n","protected":false},"author":2,"featured_media":0,"comment_status":"open","ping_status":"open","sticky":false,"template":"","format":"standard","meta":{"_links_to":"","_links_to_target":""},"categories":[23],"tags":[],"_links":{"self":[{"href":"https:\/\/www.r2cpress.com.br\/v1\/wp-json\/wp\/v2\/posts\/804"}],"collection":[{"href":"https:\/\/www.r2cpress.com.br\/v1\/wp-json\/wp\/v2\/posts"}],"about":[{"href":"https:\/\/www.r2cpress.com.br\/v1\/wp-json\/wp\/v2\/types\/post"}],"author":[{"embeddable":true,"href":"https:\/\/www.r2cpress.com.br\/v1\/wp-json\/wp\/v2\/users\/2"}],"replies":[{"embeddable":true,"href":"https:\/\/www.r2cpress.com.br\/v1\/wp-json\/wp\/v2\/comments?post=804"}],"version-history":[{"count":2,"href":"https:\/\/www.r2cpress.com.br\/v1\/wp-json\/wp\/v2\/posts\/804\/revisions"}],"predecessor-version":[{"id":807,"href":"https:\/\/www.r2cpress.com.br\/v1\/wp-json\/wp\/v2\/posts\/804\/revisions\/807"}],"wp:attachment":[{"href":"https:\/\/www.r2cpress.com.br\/v1\/wp-json\/wp\/v2\/media?parent=804"}],"wp:term":[{"taxonomy":"category","embeddable":true,"href":"https:\/\/www.r2cpress.com.br\/v1\/wp-json\/wp\/v2\/categories?post=804"},{"taxonomy":"post_tag","embeddable":true,"href":"https:\/\/www.r2cpress.com.br\/v1\/wp-json\/wp\/v2\/tags?post=804"}],"curies":[{"name":"wp","href":"https:\/\/api.w.org\/{rel}","templated":true}]}}