{"id":8043,"date":"2011-02-04T10:19:43","date_gmt":"2011-02-04T13:19:43","guid":{"rendered":"http:\/\/www.r2cpress.com.br\/v1\/?p=8043"},"modified":"2011-02-04T10:19:43","modified_gmt":"2011-02-04T13:19:43","slug":"o-escravo-e-o-santo","status":"publish","type":"post","link":"https:\/\/www.r2cpress.com.br\/v1\/2011\/02\/04\/o-escravo-e-o-santo\/","title":{"rendered":"O Escravo e o Santo"},"content":{"rendered":"<p><img align = \"left\" src = \"http:\/\/www.r2cpress.com.br\/v1\/wp-content\/uploads\/Jos%C3%A9-Iram-Almeida2.jpg\"\/>Um \u201cSanto\u201d passeava pela terra. <\/p>\n<p>Num belo dia de sol, resolveu observar a vida dos seres humanos, pois, as queixas de quem se muda pro andar de cima, s\u00e3o muito grandes, gerando desconforto aos que permanecem aqui em baixo. Como estava  sem ocupa\u00e7\u00e3o definida, procurou a sombra de uma \u00e1rvore pra descansar. De onde estava sentado, o \u201cSanto\u201d observou que um homem capinava a terra seca, debaixo do sol a pino, tamb\u00e9m, viu que aquela criatura estava presa a uma bola-de-ferro, sentiu piedade por aquele homem, saiu do seu descanso e, foi ter com ele, fazendo-lhe a seguinte observa\u00e7\u00e3o:<\/p>\n<p><!--more--><\/p>\n<p>&#8211; Meu filho, eu sou um \u201cSanto\u201d, mas n\u00e3o pude deixar de sentir compaix\u00e3o por voc\u00ea, ao ver que est\u00e1s trabalhando debaixo deste sol, com esta bola de ferro presa ao seu p\u00e9, e o homem respondeu:<\/p>\n<p>&#8211; Meu santo, eu sou um escravo, tenho que trabalhar! Pois nasci nessa condi\u00e7\u00e3o e como escravo morrerei.<\/p>\n<p> Mais uma vez inquiriu o \u201cSanto\u201d:<\/p>\n<p>-Eu n\u00e3o posso entender como voc\u00ea trabalha com tanto afinco e n\u00e3o se queixa de nada.<\/p>\n<p>E o escravo respondeu:<\/p>\n<p> &#8211; Nem todo mundo \u00e9 santo, algu\u00e9m tem que plantar, regar, colher, enfim, produzir para que todos  possam se alimentar.<\/p>\n<p>O santo que estava a fim de encher o saco do escravo, mais uma vez insistiu:<\/p>\n<p>-Meu bom homem, se voc\u00ea quiser eu poderei libert\u00e1-lo.<\/p>\n<p>E o escravo j\u00e1 irritado respondeu:<\/p>\n<p>&#8211; Meu Santo a \u00fanica liberdade que eu desejo, \u00e9 poder trabalhar todos os dias sem ningu\u00e9m pra me amolar.<\/p>\n<p>&#8212;<br \/>\n<strong>(ALMEIDA, J. Iram)<br \/>\n<\/strong><\/p>\n","protected":false},"excerpt":{"rendered":"<p>Um \u201cSanto\u201d passeava pela terra. Num belo dia de sol, resolveu observar a vida dos seres humanos, pois, as queixas de quem se muda pro andar de cima, s\u00e3o muito grandes, gerando desconforto aos que permanecem aqui em baixo. Como estava sem ocupa\u00e7\u00e3o definida, procurou a sombra de uma \u00e1rvore pra descansar. De onde estava [&hellip;]<\/p>\n","protected":false},"author":2,"featured_media":0,"comment_status":"open","ping_status":"open","sticky":false,"template":"","format":"standard","meta":{"_links_to":"","_links_to_target":""},"categories":[10],"tags":[],"_links":{"self":[{"href":"https:\/\/www.r2cpress.com.br\/v1\/wp-json\/wp\/v2\/posts\/8043"}],"collection":[{"href":"https:\/\/www.r2cpress.com.br\/v1\/wp-json\/wp\/v2\/posts"}],"about":[{"href":"https:\/\/www.r2cpress.com.br\/v1\/wp-json\/wp\/v2\/types\/post"}],"author":[{"embeddable":true,"href":"https:\/\/www.r2cpress.com.br\/v1\/wp-json\/wp\/v2\/users\/2"}],"replies":[{"embeddable":true,"href":"https:\/\/www.r2cpress.com.br\/v1\/wp-json\/wp\/v2\/comments?post=8043"}],"version-history":[{"count":2,"href":"https:\/\/www.r2cpress.com.br\/v1\/wp-json\/wp\/v2\/posts\/8043\/revisions"}],"predecessor-version":[{"id":8045,"href":"https:\/\/www.r2cpress.com.br\/v1\/wp-json\/wp\/v2\/posts\/8043\/revisions\/8045"}],"wp:attachment":[{"href":"https:\/\/www.r2cpress.com.br\/v1\/wp-json\/wp\/v2\/media?parent=8043"}],"wp:term":[{"taxonomy":"category","embeddable":true,"href":"https:\/\/www.r2cpress.com.br\/v1\/wp-json\/wp\/v2\/categories?post=8043"},{"taxonomy":"post_tag","embeddable":true,"href":"https:\/\/www.r2cpress.com.br\/v1\/wp-json\/wp\/v2\/tags?post=8043"}],"curies":[{"name":"wp","href":"https:\/\/api.w.org\/{rel}","templated":true}]}}