{"id":8046,"date":"2011-02-04T11:15:22","date_gmt":"2011-02-04T14:15:22","guid":{"rendered":"http:\/\/www.r2cpress.com.br\/v1\/?p=8046"},"modified":"2011-02-04T11:15:22","modified_gmt":"2011-02-04T14:15:22","slug":"resposta","status":"publish","type":"post","link":"https:\/\/www.r2cpress.com.br\/v1\/2011\/02\/04\/resposta\/","title":{"rendered":"Resposta"},"content":{"rendered":"<p>De: Major Gustavo Rebou\u00e7as <cipm68 .cmd@pm.ba.gov.br><br \/>\nAssunto: Resposta<\/p>\n<p>Corpo da mensagem:<br \/>\nCaro Roberto Rabat,<br \/>\nFiquei triste nesta manh\u00e3, pois vi seu site ser utilizado por pessoas inescrupulosas, que lhe mandaram not\u00edcias levianas sobre procedimentos da nossa Unidade da PM e, V.S.\u00aa, pessoa que reporto como s\u00e9ria, deixou que fossem publicadas. As novas CIPM v\u00eam demonstrando sua efici\u00eancia em todos os sentidos. Aumentamos o nosso armamento, viaturas, quota de combust\u00edvel, Hand Talkies e, tamb\u00e9m temos Sedes mais amplas, com maior conforto para os PM e quem nos visita e, temos \u201cbrigado\u201d, diuturnamente, por melhorias para as nossas OPM e para os policiais militares que trabalham conosco. Os desafios s\u00e3o grandes, problemas diversos e di\u00e1rios. Hoje estamos plenamente envolvidos com a Opera\u00e7\u00e3o Ver\u00e3o, Receptivo de Navios, Campeonato Baiano da 1\u00aa Divis\u00e3o e preparativos para o Carnaval 2011, al\u00e9m disso, o com\u00e9rcio n\u00e3o p\u00e1ra, nem os bancos, hospitais, f\u00f3rum, Prefeitura, C\u00e2mara de Vereadores, bares e restaurantes etc, que exigem uma demanda de policiamento. Comando cento e setenta PM aproximadamente. Sei que n\u00e3o agrado a todos. Talvez at\u00e9 j\u00e1 tenha alguns inimigos, sem saber, pois, para mim, todos eles s\u00e3o meus colegas e respeito a todos, sempre os tratarei com boa-f\u00e9, sempre confiando neles e sem \u201cjogo sujo\u201d. No caso mais espec\u00edfico das horas-extras, n\u00f3s recebemos uma quantia muito pequena no m\u00eas de dezembro de 2010. Essa distor\u00e7\u00e3o, gra\u00e7as ao empenho de todos, inclusive dos nossos escal\u00f5es superiores, foi corrigida e, no m\u00eas de janeiro de 2011, recebemos um valor maior do que o dobro do m\u00eas anterior. Apesar do aumento de turistas, inclusive oriundos dos navios de cruzeiro, deu para suprir a nossa demanda por policiamento satisfatoriamente. O que ocorre \u00e9 que alguns PM n\u00e3o querem tirar a hora-extra nos finais de semana. Eles apenas querem tirar nos dias \u00fateis, mas, a nossa demanda maior \u00e9 nos finais de semana. Outros PM n\u00e3o gostam de tirar a hora-extra \u00e0 p\u00e9, mas n\u00f3s s\u00f3 disponibilizamos o recurso para esta modalidade de policiamento. Por falta de volunt\u00e1rios e, tentando evitar escalar em hora-extra os PM que n\u00e3o tenham interesse, estamos tendo que recorrer a policiais de outras Unidades!! Como, este cidad\u00e3o, tem a petul\u00e2ncia de tentar manchar nosso Comando com den\u00fancias t\u00e3o levianas!!! N\u00e3o aceito. Nossas escalas e mapas de hora-extra est\u00e3o \u00e0 disposi\u00e7\u00e3o de qualquer interessado. Meu comando \u00e9 transparente, todos sabem os valores dispon\u00edveis de horas-extras, os postos de servi\u00e7o, os hor\u00e1rios, os dias etc. N\u00e3o entra na escala quem n\u00e3o quer. A porta da minha sala est\u00e1 aberta. N\u00e3o recebi nenhuma reclama\u00e7\u00e3o, seja qual for, sobre hora-extra. Minto, sim, tivemos reclama\u00e7\u00e3o, porque o PM estava na escala e n\u00e3o queria trabalhar em hora-extra. Quanto ao soldado Brand\u00e3o, n\u00e3o o conhecia antes de vir comandar a 68\u00aa CIPM, n\u00e3o tenho motivo pessoal para querer benefici\u00e1-lo. Excelente profissional, como muitos outros da nossa Unidade, que ajudam a fazer o sucesso da 68\u00aa CIPM, que tanta inveja causa a alguns. Ele tem se desdobrado para fazer estas escalas de hora-extra, muitas vezes chega pela manh\u00e3 cedo e s\u00f3 sai tarde da noite, com o detalhe que, ele mora em Itabuna e vai e vem, todos os dias, de \u00f4nibus. Almo\u00e7a uma marmita na sua mesa de trabalho. Inclusive, s\u00e1bado passado, veio voluntariamente, ficou o dia todo trabalhando, a fim de fazer os ajustes nas citadas escalas, para podermos remet\u00ea-las ao nosso Comando Regional Sul, que fica em Itabuna. Se fossemos pagar horas extras para este PM, a carga hor\u00e1ria dele supera em muito o teto de 60 horas mensais. Nosso efetivo administrativo \u00e9 reduzido, para termos mais PM na rua, trabalhando na atividade fim da Institui\u00e7\u00e3o, que \u00e9 o policiamento ostensivo fardado, para preserva\u00e7\u00e3o da ordem p\u00fablica. Os que trabalham interno, nessa \u00e9poca de muitos eventos, muitas escalas, inclusive extras, terminam trabalhando muito acima da sua carga hor\u00e1ria normal, \u00e9 o caso de Brand\u00e3o. \u00c0s vezes ele est\u00e1 na extra, na rua, e n\u00f3s o chamamos para ajudar-nos em alguma coisa da escala ou, at\u00e9 mesmo, quando h\u00e1 um problema na rede de computadores ou na Internet, pois ele tamb\u00e9m \u00e9 o respons\u00e1vel por isso na OPM. Not\u00edcias como esta s\u00f3 atrapalham. Lutamos muito para conseguirmos aumentar os valores de hora-extra para os policiais da 68\u00aa CIPM, n\u00e3o podemos permitir que not\u00edcias como essa atrapalhem nossas conquistas. Mas \u00e9 isso, temos que conviver com essa liberdade de imprensa, que, algumas vezes, divulga not\u00edcias falsas, que destroem, de forma irremedi\u00e1vel, a vida privada e p\u00fablica de pessoas trabalhadoras, honestas e inocentes. Ningu\u00e9m \u00e9 perfeito, mas, nesse caso espec\u00edfico, n\u00e3o temos culpa de nada. Culpa quem tem \u00e9 voc\u00ea, meu caro, que divulgou not\u00edcias mentirosas no seu site que diz ser: \u201c A letra fria da verdade\u201d. \u00c9 uma pena, ao inv\u00e9s de voc\u00ea perder seu tempo divulgando essas mentiras, porque n\u00e3o divulga os \u00edndices de ocorr\u00eancias policiais de Ilh\u00e9us, que ca\u00edram consideravelmente?? Porque n\u00e3o divulga as pris\u00f5es que estamos efetuando quase que diariamente?? Porque n\u00e3o divulga que, no S\u00e3o Jo\u00e3o, Parada Gay, Reveillon 2010 etc n\u00f3s, no centro da cidade, mais especificamente, na Av. Soares Lopes, nos eventos particulares e os patrocinados pela Prefeitura, abertos ao p\u00fablico, tivemos \u00edndice ZERO de ocorr\u00eancias de Homic\u00eddios?? Quando a fama de Ilh\u00e9us era de que essas festas eram patrocinadas por f\u00e1bricas de armas de fogo e armas brancas, haja vista o grande n\u00famero de ocorr\u00eancias que t\u00ednhamos com uso destes objetos em anos anteriores?? Obrigado.<\/p>\n<p>GUSTAVO HENRIQUE DANTAS REBOU\u00c7AS \u2013 Maj PM<br \/>\nCmt da 68\u00aa CIPM\/Centro &#8211; Ilh\u00e9us<\/p>\n<p>&#8212;<br \/>\nEsta mensagem foi enviada atrav\u00e9s do formul\u00e1rio de contato do site R2CPRESS | A Letra Fria da Verdade http:\/\/www.r2cpress.com.br\/v1<\/cipm68><\/p>\n","protected":false},"excerpt":{"rendered":"<p>De: Major Gustavo Rebou\u00e7as Assunto: Resposta Corpo da mensagem: Caro Roberto Rabat, Fiquei triste nesta manh\u00e3, pois vi seu site ser utilizado por pessoas inescrupulosas, que lhe mandaram not\u00edcias levianas sobre procedimentos da nossa Unidade da PM e, V.S.\u00aa, pessoa que reporto como s\u00e9ria, deixou que fossem publicadas. As novas CIPM v\u00eam demonstrando sua efici\u00eancia [&hellip;]<\/p>\n","protected":false},"author":2,"featured_media":0,"comment_status":"open","ping_status":"open","sticky":false,"template":"","format":"standard","meta":{"_links_to":"","_links_to_target":""},"categories":[10],"tags":[],"_links":{"self":[{"href":"https:\/\/www.r2cpress.com.br\/v1\/wp-json\/wp\/v2\/posts\/8046"}],"collection":[{"href":"https:\/\/www.r2cpress.com.br\/v1\/wp-json\/wp\/v2\/posts"}],"about":[{"href":"https:\/\/www.r2cpress.com.br\/v1\/wp-json\/wp\/v2\/types\/post"}],"author":[{"embeddable":true,"href":"https:\/\/www.r2cpress.com.br\/v1\/wp-json\/wp\/v2\/users\/2"}],"replies":[{"embeddable":true,"href":"https:\/\/www.r2cpress.com.br\/v1\/wp-json\/wp\/v2\/comments?post=8046"}],"version-history":[{"count":2,"href":"https:\/\/www.r2cpress.com.br\/v1\/wp-json\/wp\/v2\/posts\/8046\/revisions"}],"predecessor-version":[{"id":8048,"href":"https:\/\/www.r2cpress.com.br\/v1\/wp-json\/wp\/v2\/posts\/8046\/revisions\/8048"}],"wp:attachment":[{"href":"https:\/\/www.r2cpress.com.br\/v1\/wp-json\/wp\/v2\/media?parent=8046"}],"wp:term":[{"taxonomy":"category","embeddable":true,"href":"https:\/\/www.r2cpress.com.br\/v1\/wp-json\/wp\/v2\/categories?post=8046"},{"taxonomy":"post_tag","embeddable":true,"href":"https:\/\/www.r2cpress.com.br\/v1\/wp-json\/wp\/v2\/tags?post=8046"}],"curies":[{"name":"wp","href":"https:\/\/api.w.org\/{rel}","templated":true}]}}