{"id":8049,"date":"2011-02-04T13:12:13","date_gmt":"2011-02-04T16:12:13","guid":{"rendered":"http:\/\/www.r2cpress.com.br\/v1\/?p=8049"},"modified":"2011-02-04T13:12:13","modified_gmt":"2011-02-04T16:12:13","slug":"quem-e-o-mentiroso","status":"publish","type":"post","link":"https:\/\/www.r2cpress.com.br\/v1\/2011\/02\/04\/quem-e-o-mentiroso\/","title":{"rendered":"QUEM \u00c9 O MENTIROSO?"},"content":{"rendered":"<p><strong>Confuso Major,<\/strong><\/p>\n<p><img ALIGN = \"LEFT\" SRC = \"http:\/\/www.r2cpress.com.br\/v1\/wp-content\/uploads\/Rabat-sem-moldura.jpg\"\/>Estou preocupado  porque  a sobrecarga de trabalho esteja interferindo na sua capacidade de raciocinar e ver , com clareza, os fatos que se descortinam diante dos seus olhos.<br \/>\nNa fun\u00e7\u00e3o de comando \u00e9 imprescind\u00edvel manter o equil\u00edbrio porque terceiros, quartos , quintos &#8230; , quer queira  ou n\u00e3o, dependem  disso para n\u00e3o acontecer desatinos provenientes dessas sandices de quem mostra, sem medo, ser muito &#8216;macho&#8217; ao resolver as suas &#8220;tarefas&#8221; na ponta do coturno. J\u00e1 vivi isso, seu major e te garanto que  pra existir o <strong>ESPA\u00c7O DO LEITOR<\/strong>  e ter o slogan<strong> A LETRA FRIA DA VERDADE<\/strong> , cal\u00e7ando a linha do R2CPRESS, muitos companheiros  ficaram pelo caminho &#8230;  N\u00e3o vou aprofundar o tema LIBERDADE DE IMPRENSA com voc\u00ea porque esse \u00e9 um dos poucos assuntos que fazem l\u00e1grimas escorrerem pela minha face. N\u00e3o major,  n\u00e3o vou contar sobre a <strong>estrada de ferro<\/strong>, sobre o <strong>Di\u00e1rio da Tarde<\/strong>&#8230;, n\u00e3o vou falar dos &#8216;<strong>mimiografados<\/strong>&#8216; colados nos postes no centro da cidade de Ilh\u00e9us para serem lidos ao amanhecer&#8230; Voc\u00ea, n\u00e3o t\u00e3o caro major,  mostra ser indigno de tais confid\u00eancias&#8230; <em>Mexo com letras, menino aprendiz de interpretador de texto, antes das minhas  penugens se transformarem em pelos. Para voc\u00ea n\u00e3o ter trabalho de consultar o pai dos burros (menos conhecido como dicion\u00e1rio,  PENTELHO).<\/em><\/p>\n<p><strong>M\u00edope e  desatento major,<\/strong><br \/>\nNo site www.r2cpress.com.br  , A LETRA FRIA DA VERDADE, existem muitas categorias e dentre elas a da SEGURAN\u00c7A. Caso voc\u00ea tenha alguma dificuldade em ach\u00e1-la poderei desenhar&#8230; MAS, FA\u00c7A O SEGUINTE:  abra o site e, do lado esquerdo, tem uma ruma de palavras. V\u00e1 olhando uma por uma que l\u00e1 no final (a sexta &#8211; de baixo para cima) ache <strong>SEGURAN\u00c7A <\/strong>e clique nela. Quando abrir, abra os olhos e veja quantas notas sobre a a\u00e7\u00e3o da pol\u00edcia existem l\u00e1. As mat\u00e9rias, muitas com fotos, mereceram destaques no site.<br \/>\n<em>Ser\u00e1, seu major,  que essas not\u00edcias que divulgamos com todo carinho, promovendo as a\u00e7\u00f5es dos PMs s\u00e3o verdadeiras? N\u00e3o seriam mentiras inventadas pelos &#8220;mentirosos&#8221; de plant\u00e3o aqui do site? N\u00e3o seriam mentiras por parte das fontes que nos encaminharam tais noticias e fotos?  Pasme, indelicado major,  todas  t\u00eam merecido aplausos de reconhecimento da sociedade.<\/em> <\/p>\n<p>Agora, &#8220;verdadeiro&#8221; e &#8220;transparente&#8221; major, quem ficou confuso foi eu &#8230;<\/p>\n<p><strong>Queridos POLICIAIS,<br \/>\n<em>N\u00e3o se preocupem<\/em><\/strong><\/p>\n<p>O nosso site continuar\u00e1 divulgando todos os informes que aqui chegarem. As a\u00e7\u00f5es da <strong>PM, PC e PF<\/strong> continuar\u00e3o, sim, sendo mostradas. <strong>Essas babaquices elencadas por esse, repito, n\u00e3o t\u00e3o caro major,<\/strong> n\u00e3o ser\u00e3o motivo para trancarmos esses informes. A sociedade precisa ver o lado bom dessas a\u00e7\u00f5es e por isso mostramos. Vamos continuar abrindo espa\u00e7o para queixas dos leitores contra a\u00e7\u00f5es equivocadas das pol\u00edcias. Vamos sim mostrar o lado bom, o ruim e o podre &#8230; basta que aqui cheguem.<br \/>\nTodo profissional gosta de ter seu trabalho reconhecido.  O site \u00e9 a ponte pra isso e, por isso, cuidamos das fotos e, algumas vezes do texto, para que fiquem cada vez melhores.<\/p>\n<p>Fiquem com <strong>DEUS <\/strong>(Sempre!)<br \/>\nRabat<\/p>\n","protected":false},"excerpt":{"rendered":"<p>Confuso Major, Estou preocupado porque a sobrecarga de trabalho esteja interferindo na sua capacidade de raciocinar e ver , com clareza, os fatos que se descortinam diante dos seus olhos. Na fun\u00e7\u00e3o de comando \u00e9 imprescind\u00edvel manter o equil\u00edbrio porque terceiros, quartos , quintos &#8230; , quer queira ou n\u00e3o, dependem disso para n\u00e3o acontecer [&hellip;]<\/p>\n","protected":false},"author":2,"featured_media":0,"comment_status":"open","ping_status":"open","sticky":false,"template":"","format":"standard","meta":{"_links_to":"","_links_to_target":""},"categories":[20],"tags":[],"_links":{"self":[{"href":"https:\/\/www.r2cpress.com.br\/v1\/wp-json\/wp\/v2\/posts\/8049"}],"collection":[{"href":"https:\/\/www.r2cpress.com.br\/v1\/wp-json\/wp\/v2\/posts"}],"about":[{"href":"https:\/\/www.r2cpress.com.br\/v1\/wp-json\/wp\/v2\/types\/post"}],"author":[{"embeddable":true,"href":"https:\/\/www.r2cpress.com.br\/v1\/wp-json\/wp\/v2\/users\/2"}],"replies":[{"embeddable":true,"href":"https:\/\/www.r2cpress.com.br\/v1\/wp-json\/wp\/v2\/comments?post=8049"}],"version-history":[{"count":5,"href":"https:\/\/www.r2cpress.com.br\/v1\/wp-json\/wp\/v2\/posts\/8049\/revisions"}],"predecessor-version":[{"id":8054,"href":"https:\/\/www.r2cpress.com.br\/v1\/wp-json\/wp\/v2\/posts\/8049\/revisions\/8054"}],"wp:attachment":[{"href":"https:\/\/www.r2cpress.com.br\/v1\/wp-json\/wp\/v2\/media?parent=8049"}],"wp:term":[{"taxonomy":"category","embeddable":true,"href":"https:\/\/www.r2cpress.com.br\/v1\/wp-json\/wp\/v2\/categories?post=8049"},{"taxonomy":"post_tag","embeddable":true,"href":"https:\/\/www.r2cpress.com.br\/v1\/wp-json\/wp\/v2\/tags?post=8049"}],"curies":[{"name":"wp","href":"https:\/\/api.w.org\/{rel}","templated":true}]}}