{"id":8059,"date":"2011-02-04T14:34:53","date_gmt":"2011-02-04T17:34:53","guid":{"rendered":"http:\/\/www.r2cpress.com.br\/v1\/?p=8059"},"modified":"2011-02-04T14:34:53","modified_gmt":"2011-02-04T17:34:53","slug":"muita-gente-bonita-e-personalidades-garantem-presenca-na-%e2%80%9cfeijoada-nautica%e2%80%9d-do-iate","status":"publish","type":"post","link":"https:\/\/www.r2cpress.com.br\/v1\/2011\/02\/04\/muita-gente-bonita-e-personalidades-garantem-presenca-na-%e2%80%9cfeijoada-nautica%e2%80%9d-do-iate\/","title":{"rendered":"Muita gente bonita e personalidades garantem presen\u00e7a na \u201cFeijoada N\u00e1utica\u201d do Iate"},"content":{"rendered":"<p><a href=\"http:\/\/www.r2cpress.com.br\/v1\/wp-content\/uploads\/IATE-PISCINA-FEIJOADA-N\u00c1UTICA.jpeg\"><img loading=\"lazy\" src=\"http:\/\/www.r2cpress.com.br\/v1\/wp-content\/uploads\/IATE-PISCINA-FEIJOADA-N\u00c1UTICA.jpeg\" alt=\"\" title=\"IATE PISCINA FEIJOADA N\u00c1UTICA\" width=\"213\" height=\"160\" class=\"alignleft size-full wp-image-8060\" \/><\/a>Autoridades empresariais e pol\u00edticas de todo o estado, jornalistas esportivos de v\u00e1rias partes do Brasil e velejadores que v\u00e3o participar da XIV Regata Salvador-Ilh\u00e9us j\u00e1 confirmaram presen\u00e7a na tradicional \u201cFeijoada N\u00e1utica\u201d, que acontecer\u00e1 no pr\u00f3ximo dia 19 (s\u00e1bado), a partir do meio-dia, no Ilh\u00e9us Iate Clube. Segundo levantamento dos organizadores, pelo menos metade das 450 camisas disponibilizadas para o evento j\u00e1 foi comercializada e a expectativa \u00e9 de que a \u201cFeijoada N\u00e1utica\u201d deste ano seja uma das mais prestigiadas e concorridas da hist\u00f3ria do clube. Os ingressos, que d\u00e3o direito a camisa, feijoada completa e bebidas, ainda podem ser adquiridos na M21 (Avenida Soares Lopes, 868), Encantur (Cal\u00e7ad\u00e3o da Jorge Amado) e no pr\u00f3prio Iate Clube. \u201cA procura n\u00e3o nos surpreende. D\u00e1 a verdadeira dimens\u00e3o do planejamento feito para o evento deste ano\u201d, afirma o publicit\u00e1rio Marco Lessa, da M21, ag\u00eancia respons\u00e1vel pela  transforma\u00e7\u00e3o da regata \u2013 antes restrita aos associados do Iate \u2013 em um produto capaz de reunir eventos esportivos e culturais no munic\u00edpio.<\/p>\n<p><!--more--><\/p>\n<p>\u201cDurante 14 anos, fizemos uma competi\u00e7\u00e3o restrita aos nossos associados. A parceria que estamos firmando com a M21 amplia os horizontes da prova, oferece um presente para os desportistas da cidade e passa a atrair a m\u00eddia nacional, mostrando a potencialidade de Ilh\u00e9us para a realiza\u00e7\u00e3o de novas competi\u00e7\u00f5es n\u00e1uticas\u201d, assegura Marcelo Tavares, coordenador do evento e diretor de Vela do Ilh\u00e9us Iate Clube. \u201cEra preciso profissionalizar, transformando um produto antes fechado a poucos em um evento diferenciado, bem feito, planejado e aberto ao grande p\u00fablico\u201d, completa Lessa. O diretor do Ilh\u00e9us Iate Clube garante que, com a implanta\u00e7\u00e3o deste projeto profissional de marketing e planejamento, j\u00e1 est\u00e1 sendo poss\u00edvel elaborar mais dois grandes eventos n\u00e1uticos para este ano, em datas ainda n\u00e3o definidas: uma regata de monotipo (barcos pequenos), entre velejadores de Ilh\u00e9us, Salvador e Porto Seguro; e um campeonato de pesca oce\u00e2nica.<\/p>\n<p> Vinte embarca\u00e7\u00f5es, das 30 previstas para a disputa, j\u00e1 confirmaram presen\u00e7a na XIV Regata Salvador-Ilh\u00e9us, que \u00e9 uma das mais importantes competi\u00e7\u00f5es n\u00e1uticas do estado. A competi\u00e7\u00e3o ter\u00e1 in\u00edcio \u00e0s 13 horas do dia 18 de fevereiro, com sa\u00edda da base do Yacht Clube da Bahia, em Salvador. A chegada ocorrer\u00e1 em Ilh\u00e9us, a partir das 5 horas da manh\u00e3 do dia seguinte, no Ilh\u00e9us Iate Clube. No dia 19, al\u00e9m da feijoada, velejadores, popula\u00e7\u00e3o, convidados vip\u00b4s e turistas ainda poder\u00e3o se curtir o show da paulista Maria Gadu e do baiano Jau, que ser\u00e1 realizado na Concha Ac\u00fastica de Ilh\u00e9us, \u00e0 noite. Os ingressos est\u00e3o \u00e0 venda na Street Modas, Inforlaser, Stand do Karioca, Central de Ingressos e Bicho Festeiro. <\/p>\n<p>No domingo o evento ser\u00e1 encerrado na ba\u00eda do Pontal com a presen\u00e7a do campe\u00e3o mundial de Jet Ski, Bruno Jacob. Ele far\u00e1 exibi\u00e7\u00f5es p\u00fablicas ao longo da ba\u00eda, em uma grande festa programada para o local. O objetivo, segundo os organizadores, \u00e9 incentivar a pr\u00e1tica de atividades n\u00e1uticas em Ilh\u00e9us. O baiano Bruno Jacob, de 23 anos, \u00e9 considerado o mais talentoso piloto de Jet Ski da atualidade e promete uma s\u00e9rie de manobras radicais em sua apresenta\u00e7\u00e3o em Ilh\u00e9us. <\/p>\n","protected":false},"excerpt":{"rendered":"<p>Autoridades empresariais e pol\u00edticas de todo o estado, jornalistas esportivos de v\u00e1rias partes do Brasil e velejadores que v\u00e3o participar da XIV Regata Salvador-Ilh\u00e9us j\u00e1 confirmaram presen\u00e7a na tradicional \u201cFeijoada N\u00e1utica\u201d, que acontecer\u00e1 no pr\u00f3ximo dia 19 (s\u00e1bado), a partir do meio-dia, no Ilh\u00e9us Iate Clube. Segundo levantamento dos organizadores, pelo menos metade das 450 [&hellip;]<\/p>\n","protected":false},"author":2,"featured_media":0,"comment_status":"open","ping_status":"open","sticky":false,"template":"","format":"standard","meta":{"_links_to":"","_links_to_target":""},"categories":[11],"tags":[],"_links":{"self":[{"href":"https:\/\/www.r2cpress.com.br\/v1\/wp-json\/wp\/v2\/posts\/8059"}],"collection":[{"href":"https:\/\/www.r2cpress.com.br\/v1\/wp-json\/wp\/v2\/posts"}],"about":[{"href":"https:\/\/www.r2cpress.com.br\/v1\/wp-json\/wp\/v2\/types\/post"}],"author":[{"embeddable":true,"href":"https:\/\/www.r2cpress.com.br\/v1\/wp-json\/wp\/v2\/users\/2"}],"replies":[{"embeddable":true,"href":"https:\/\/www.r2cpress.com.br\/v1\/wp-json\/wp\/v2\/comments?post=8059"}],"version-history":[{"count":2,"href":"https:\/\/www.r2cpress.com.br\/v1\/wp-json\/wp\/v2\/posts\/8059\/revisions"}],"predecessor-version":[{"id":8062,"href":"https:\/\/www.r2cpress.com.br\/v1\/wp-json\/wp\/v2\/posts\/8059\/revisions\/8062"}],"wp:attachment":[{"href":"https:\/\/www.r2cpress.com.br\/v1\/wp-json\/wp\/v2\/media?parent=8059"}],"wp:term":[{"taxonomy":"category","embeddable":true,"href":"https:\/\/www.r2cpress.com.br\/v1\/wp-json\/wp\/v2\/categories?post=8059"},{"taxonomy":"post_tag","embeddable":true,"href":"https:\/\/www.r2cpress.com.br\/v1\/wp-json\/wp\/v2\/tags?post=8059"}],"curies":[{"name":"wp","href":"https:\/\/api.w.org\/{rel}","templated":true}]}}