{"id":8063,"date":"2011-02-04T20:00:15","date_gmt":"2011-02-04T23:00:15","guid":{"rendered":"http:\/\/www.r2cpress.com.br\/v1\/?p=8063"},"modified":"2011-02-04T19:43:39","modified_gmt":"2011-02-04T22:43:39","slug":"do-fundo-do-bau-de-jose-leite-15","status":"publish","type":"post","link":"https:\/\/www.r2cpress.com.br\/v1\/2011\/02\/04\/do-fundo-do-bau-de-jose-leite-15\/","title":{"rendered":"DO FUNDO DO BA\u00da DE JOS\u00c9 LEITE"},"content":{"rendered":"<p><img SRC = \"http:\/\/www.r2cpress.com.br\/v1\/wp-content\/uploads\/tampa-do-ba%C3%BA-com-camisa.jpg\"\/><br \/>\n<strong>1)\tO FUTEBOL DE ILH\u00c9US EM 1948.<br \/>\n2)\tINAUGURADO O MEMORIAL MISAEL TAVARES.<br \/>\n3)\tAS FOTOS DESTAQUES DA SEMANA.<\/strong><\/p>\n<p><!--more--><\/p>\n<p>***<\/p>\n<p><strong>O FUTEBOL DE ILH\u00c9US EM 1948.<\/strong><\/p>\n<p>Em 1948 o futebol de Ilh\u00e9us era representado por v\u00e1rios times, entre eles estavam o FLAMENGO, VIT\u00d3RIA, SANTA CRUZ, N\u00c1UTICO, FLUMINENSE DO BAIRRO DO PONTAL e outros. O COLO-COLO foi fundado em 1948, mas n\u00e3o participou do CAMPIONATO DA LIGA LOCAL naquele ano. MANOEL MESSIAS, 89 anos, hoje com boa sa\u00fade, morador do OUTEIRO S\u00c3O SEBASTI\u00c3O, estivador aposentado, conheceu bastante a vida portu\u00e1ria, como tamb\u00e9m O FUTEBOL de ILH\u00c9US. Naquela \u00e9poca, era O GOLEIRO TITULAR do time do FLAMENGO que foi o campe\u00e3o do ano de 1948.<\/p>\n<p><center><div id=\"attachment_8064\" style=\"width: 310px\" class=\"wp-caption alignnone\"><a href=\"http:\/\/www.r2cpress.com.br\/v1\/wp-content\/uploads\/Foto_014.jpg\"><img aria-describedby=\"caption-attachment-8064\" loading=\"lazy\" src=\"http:\/\/www.r2cpress.com.br\/v1\/wp-content\/uploads\/Foto_014-300x204.jpg\" alt=\"\" title=\"Foto_01\" width=\"300\" height=\"204\" class=\"size-medium wp-image-8064\" srcset=\"https:\/\/www.r2cpress.com.br\/v1\/wp-content\/uploads\/Foto_014-300x204.jpg 300w, https:\/\/www.r2cpress.com.br\/v1\/wp-content\/uploads\/Foto_014.jpg 1020w\" sizes=\"(max-width: 300px) 100vw, 300px\" \/><\/a><p id=\"caption-attachment-8064\" class=\"wp-caption-text\">Foto Rar\u00edssima do time do FLAMENGO CAMPE\u00c3O do ano de 1948. A foto est\u00e1 Prejudicada, mas observe uma parte do rosto de MANOEL MESSIAS apontado pela seta.<\/p><\/div> <\/p>\n<div id=\"attachment_8066\" style=\"width: 310px\" class=\"wp-caption alignnone\"><a href=\"http:\/\/www.r2cpress.com.br\/v1\/wp-content\/uploads\/Foto_025.jpg\"><img aria-describedby=\"caption-attachment-8066\" loading=\"lazy\" src=\"http:\/\/www.r2cpress.com.br\/v1\/wp-content\/uploads\/Foto_025-300x201.jpg\" alt=\"\" title=\"Foto_02\" width=\"300\" height=\"201\" class=\"size-medium wp-image-8066\" srcset=\"https:\/\/www.r2cpress.com.br\/v1\/wp-content\/uploads\/Foto_025-300x201.jpg 300w, https:\/\/www.r2cpress.com.br\/v1\/wp-content\/uploads\/Foto_025.jpg 898w\" sizes=\"(max-width: 300px) 100vw, 300px\" \/><\/a><p id=\"caption-attachment-8066\" class=\"wp-caption-text\">ZELINO, MANOEL MESSIAS, VALVIR jogadores do FLAMENGO. (Foto Est\u00e1dio M\u00e1rio Pessoa, 1948).<\/p><\/div>\n<div id=\"attachment_8067\" style=\"width: 217px\" class=\"wp-caption alignnone\"><a href=\"http:\/\/www.r2cpress.com.br\/v1\/wp-content\/uploads\/Foto_036.jpg\"><img aria-describedby=\"caption-attachment-8067\" loading=\"lazy\" src=\"http:\/\/www.r2cpress.com.br\/v1\/wp-content\/uploads\/Foto_036-207x300.jpg\" alt=\"\" title=\"Foto_03\" width=\"207\" height=\"300\" class=\"size-medium wp-image-8067\" srcset=\"https:\/\/www.r2cpress.com.br\/v1\/wp-content\/uploads\/Foto_036-207x300.jpg 207w, https:\/\/www.r2cpress.com.br\/v1\/wp-content\/uploads\/Foto_036-707x1024.jpg 707w, https:\/\/www.r2cpress.com.br\/v1\/wp-content\/uploads\/Foto_036.jpg 1456w\" sizes=\"(max-width: 207px) 100vw, 207px\" \/><\/a><p id=\"caption-attachment-8067\" class=\"wp-caption-text\">GILDO (Estivador Falecido), MANOEL MESSIAS (Agachado),  SANDOVAL (Foi morar em Salvador).  (Foto: FLAMENGO CAMPE\u00c3O DE 1949, Est\u00e1dio M\u00e1rio Pessoa.)<\/p><\/div>\n<p><div id=\"attachment_8068\" style=\"width: 215px\" class=\"wp-caption alignnone\"><a href=\"http:\/\/www.r2cpress.com.br\/v1\/wp-content\/uploads\/Foto_045.jpg\"><img aria-describedby=\"caption-attachment-8068\" loading=\"lazy\" src=\"http:\/\/www.r2cpress.com.br\/v1\/wp-content\/uploads\/Foto_045-205x300.jpg\" alt=\"\" title=\"Foto_04\" width=\"205\" height=\"300\" class=\"size-medium wp-image-8068\" srcset=\"https:\/\/www.r2cpress.com.br\/v1\/wp-content\/uploads\/Foto_045-205x300.jpg 205w, https:\/\/www.r2cpress.com.br\/v1\/wp-content\/uploads\/Foto_045.jpg 549w\" sizes=\"(max-width: 205px) 100vw, 205px\" \/><\/a><p id=\"caption-attachment-8068\" class=\"wp-caption-text\">SELE\u00c7\u00c3O DE ILH\u00c9US foi jogar com a SELE\u00c7\u00c3O da cidade de SANTO AMARO ano de 1949. (Foto clicada em SALVADOR - BAHIA).<\/p><\/div> <\/center><\/p>\n<p><b>INAUGURADO O MEMORIAL MISAEL TAVARES<\/b><\/p>\n<p>No dia 16 de dezembro de 2010 foi inaugurado o MEMORIAL MISAEL TAVARES numa das salas do ILH\u00c9US HOTEL pelo NETO do grande empreendedor, GILBERTO TAVARES que convidou alguns familiares e amigos para participarem daquele ato festivo. GILBERTO TAVARES fez uma explana\u00e7\u00e3o da import\u00e2ncia do MEMORIAL e que a partir daquela data estaria aberto ao p\u00fablico e aos turistas. Logo depois foi passado um DOCUMENT\u00c1RIO falando sobre a import\u00e2ncia do CORONEL MISAEL TAVARES no desenvolvimento da cidade de ILH\u00c9US naquela \u00e9poca. Neste document\u00e1rio tamb\u00e9m tem a participa\u00e7\u00e3o do depoimento de Raimundo Kruschewsky (Popof) e Jos\u00e9 Leite de Souza falando sobre o coronel MISAEL TAVARES.<\/p>\n<p><center><a href=\"http:\/\/www.r2cpress.com.br\/v1\/wp-content\/uploads\/Foto_055.jpg\"><img loading=\"lazy\" src=\"http:\/\/www.r2cpress.com.br\/v1\/wp-content\/uploads\/Foto_055-100x300.jpg\" alt=\"\" title=\"Foto_05\" width=\"100\" height=\"300\" class=\"alignnone size-medium wp-image-8069\" srcset=\"https:\/\/www.r2cpress.com.br\/v1\/wp-content\/uploads\/Foto_055-100x300.jpg 100w, https:\/\/www.r2cpress.com.br\/v1\/wp-content\/uploads\/Foto_055-341x1024.jpg 341w, https:\/\/www.r2cpress.com.br\/v1\/wp-content\/uploads\/Foto_055.jpg 348w\" sizes=\"(max-width: 100px) 100vw, 100px\" \/><\/a><\/p>\n<p><strong> Memorial<\/strong><br \/>\n<div id=\"attachment_8070\" style=\"width: 310px\" class=\"wp-caption alignnone\"><a href=\"http:\/\/www.r2cpress.com.br\/v1\/wp-content\/uploads\/Foto_065.jpg\"><img aria-describedby=\"caption-attachment-8070\" loading=\"lazy\" src=\"http:\/\/www.r2cpress.com.br\/v1\/wp-content\/uploads\/Foto_065-300x205.jpg\" alt=\"\" title=\"Foto_06\" width=\"300\" height=\"205\" class=\"size-medium wp-image-8070\" srcset=\"https:\/\/www.r2cpress.com.br\/v1\/wp-content\/uploads\/Foto_065-300x205.jpg 300w, https:\/\/www.r2cpress.com.br\/v1\/wp-content\/uploads\/Foto_065.jpg 856w\" sizes=\"(max-width: 300px) 100vw, 300px\" \/><\/a><p id=\"caption-attachment-8070\" class=\"wp-caption-text\">Familiares do CORONEL MISAEL TAVARES presentes na inaugura\u00e7\u00e3o do Memorial. Da esquerda para direita: JO\u00c3O TAVARES, REGINALDO TAVARES, DONA LIDIA TAVARES, MARIA ELENA com seu esposo GILBERTO TAVARES e seus filhos.<\/p><\/div><\/center><\/p>\n<p><strong>AS FOTOS DESTAQUES DA SEMANA<\/strong><\/p>\n<p><strong>UM CICLISTA SEM DESTINO<\/strong><\/p>\n<p><center><div id=\"attachment_8071\" style=\"width: 310px\" class=\"wp-caption alignnone\"><a href=\"http:\/\/www.r2cpress.com.br\/v1\/wp-content\/uploads\/Foto_075.jpg\"><img aria-describedby=\"caption-attachment-8071\" loading=\"lazy\" src=\"http:\/\/www.r2cpress.com.br\/v1\/wp-content\/uploads\/Foto_075-300x201.jpg\" alt=\"\" title=\"Foto_07\" width=\"300\" height=\"201\" class=\"size-medium wp-image-8071\" srcset=\"https:\/\/www.r2cpress.com.br\/v1\/wp-content\/uploads\/Foto_075-300x201.jpg 300w, https:\/\/www.r2cpress.com.br\/v1\/wp-content\/uploads\/Foto_075.jpg 809w\" sizes=\"(max-width: 300px) 100vw, 300px\" \/><\/a><p id=\"caption-attachment-8071\" class=\"wp-caption-text\">O alagoano JOS\u00c9 RONALDO, h\u00e1 10 anos pedalando com sua \u201cBIKE\u201d os Estados do BRASIL, (Foto clicada por Jos\u00e9 Leite no cal\u00e7ad\u00e3o da D. Pedro II. Dezembro de 2010)<\/p><\/div> <\/p>\n<div id=\"attachment_8072\" style=\"width: 310px\" class=\"wp-caption alignnone\"><a href=\"http:\/\/www.r2cpress.com.br\/v1\/wp-content\/uploads\/Foto_084.jpg\"><img aria-describedby=\"caption-attachment-8072\" loading=\"lazy\" src=\"http:\/\/www.r2cpress.com.br\/v1\/wp-content\/uploads\/Foto_084-300x221.jpg\" alt=\"\" title=\"Foto_08\" width=\"300\" height=\"221\" class=\"size-medium wp-image-8072\" srcset=\"https:\/\/www.r2cpress.com.br\/v1\/wp-content\/uploads\/Foto_084-300x221.jpg 300w, https:\/\/www.r2cpress.com.br\/v1\/wp-content\/uploads\/Foto_084.jpg 865w\" sizes=\"(max-width: 300px) 100vw, 300px\" \/><\/a><p id=\"caption-attachment-8072\" class=\"wp-caption-text\">Homenagem do CDL de Ilh\u00e9us a R\u00c1DIO CULTURA DE ILH\u00c9US na d\u00e9cada de 1980. Da esquerda para direita: SALDANHA, RAP\u00d4SO, ELIAS GEDEON, QUINTO DE SOUZA, MOISES BOHANA, Z\u00c9 TIRO S\u00caCO, FRED GEDEON, AILTON SANTANA e JOS\u00c9 LEITE.<\/p><\/div>\n<p><div id=\"attachment_8073\" style=\"width: 310px\" class=\"wp-caption alignnone\"><a href=\"http:\/\/www.r2cpress.com.br\/v1\/wp-content\/uploads\/Foto_095.jpg\"><img aria-describedby=\"caption-attachment-8073\" loading=\"lazy\" src=\"http:\/\/www.r2cpress.com.br\/v1\/wp-content\/uploads\/Foto_095-300x201.jpg\" alt=\"\" title=\"Foto_09\" width=\"300\" height=\"201\" class=\"size-medium wp-image-8073\" srcset=\"https:\/\/www.r2cpress.com.br\/v1\/wp-content\/uploads\/Foto_095-300x201.jpg 300w, https:\/\/www.r2cpress.com.br\/v1\/wp-content\/uploads\/Foto_095.jpg 755w\" sizes=\"(max-width: 300px) 100vw, 300px\" \/><\/a><p id=\"caption-attachment-8073\" class=\"wp-caption-text\">Para quem gosta de coisa antiga como eu. RUINAS DE TEMPLOS ANTIGOS na cidade de PALMIRA na SYRIA.<\/p><\/div> <\/center><\/p>\n<p><strong>PARAB\u00c9NS, para DEPUTADA ESTADUAL \u00c2NGELA SOUZA que tomou posse na \u00faltima quarta-feira (2).<\/strong><\/p>\n<p><center><div id=\"attachment_8074\" style=\"width: 310px\" class=\"wp-caption alignnone\"><a href=\"http:\/\/www.r2cpress.com.br\/v1\/wp-content\/uploads\/Foto_105.jpg\"><img aria-describedby=\"caption-attachment-8074\" loading=\"lazy\" src=\"http:\/\/www.r2cpress.com.br\/v1\/wp-content\/uploads\/Foto_105-300x191.jpg\" alt=\"\" title=\"Foto_10\" width=\"300\" height=\"191\" class=\"size-medium wp-image-8074\" srcset=\"https:\/\/www.r2cpress.com.br\/v1\/wp-content\/uploads\/Foto_105-300x191.jpg 300w, https:\/\/www.r2cpress.com.br\/v1\/wp-content\/uploads\/Foto_105.jpg 800w\" sizes=\"(max-width: 300px) 100vw, 300px\" \/><\/a><p id=\"caption-attachment-8074\" class=\"wp-caption-text\">Os amigos a DEPUTADA \u00c2NGELA SOUZA e seu esposo DR. M\u00c1RIO ALVES DE SOUZA. (Foto final d\u00e9cada de 1970)<\/p><\/div><\/p>\n<div id=\"attachment_8075\" style=\"width: 220px\" class=\"wp-caption alignnone\"><a href=\"http:\/\/www.r2cpress.com.br\/v1\/wp-content\/uploads\/Foto_115.jpg\"><img aria-describedby=\"caption-attachment-8075\" loading=\"lazy\" src=\"http:\/\/www.r2cpress.com.br\/v1\/wp-content\/uploads\/Foto_115-210x300.jpg\" alt=\"\" title=\"Foto_11\" width=\"210\" height=\"300\" class=\"size-medium wp-image-8075\" srcset=\"https:\/\/www.r2cpress.com.br\/v1\/wp-content\/uploads\/Foto_115-210x300.jpg 210w, https:\/\/www.r2cpress.com.br\/v1\/wp-content\/uploads\/Foto_115.jpg 506w\" sizes=\"(max-width: 210px) 100vw, 210px\" \/><\/a><p id=\"caption-attachment-8075\" class=\"wp-caption-text\">PARAB\u00c9NS para o amigo JOS\u00c9 NAZAL pelo lan\u00e7amento da 2\u00aa edi\u00e7\u00e3o do Livro \u201cMINHA ILH\u00c9US\u201d. Todo Ilheense tem a obriga\u00e7\u00e3o de ter um livro desse em sua resid\u00eancia. E para presentear n\u00e3o existe outra op\u00e7\u00e3o melhor.<\/p><\/div>\n<div id=\"attachment_8077\" style=\"width: 310px\" class=\"wp-caption alignnone\"><a href=\"http:\/\/www.r2cpress.com.br\/v1\/wp-content\/uploads\/Foto_125.jpg\"><img aria-describedby=\"caption-attachment-8077\" loading=\"lazy\" src=\"http:\/\/www.r2cpress.com.br\/v1\/wp-content\/uploads\/Foto_125-300x217.jpg\" alt=\"\" title=\"Foto_12\" width=\"300\" height=\"217\" class=\"size-medium wp-image-8077\" srcset=\"https:\/\/www.r2cpress.com.br\/v1\/wp-content\/uploads\/Foto_125-300x217.jpg 300w, https:\/\/www.r2cpress.com.br\/v1\/wp-content\/uploads\/Foto_125.jpg 800w\" sizes=\"(max-width: 300px) 100vw, 300px\" \/><\/a><p id=\"caption-attachment-8077\" class=\"wp-caption-text\">No ano de 1997, JOS\u00c9 NAZAL, tamb\u00e9m lan\u00e7ou um bonito cat\u00e1logo de fotografias: \u201cILH\u00c9US ONTEM BELA, HOJE LINDA!\u201d. O sucesso foi t\u00e3o grande que depois de 2 anos (1999) foi lan\u00e7ado a 2\u00aa edi\u00e7\u00e3o.<\/p><\/div>\n<p><div id=\"attachment_8078\" style=\"width: 310px\" class=\"wp-caption alignnone\"><a href=\"http:\/\/www.r2cpress.com.br\/v1\/wp-content\/uploads\/Foto_133.jpg\"><img aria-describedby=\"caption-attachment-8078\" loading=\"lazy\" src=\"http:\/\/www.r2cpress.com.br\/v1\/wp-content\/uploads\/Foto_133-300x204.jpg\" alt=\"\" title=\"Foto_13\" width=\"300\" height=\"204\" class=\"size-medium wp-image-8078\" srcset=\"https:\/\/www.r2cpress.com.br\/v1\/wp-content\/uploads\/Foto_133-300x204.jpg 300w, https:\/\/www.r2cpress.com.br\/v1\/wp-content\/uploads\/Foto_133.jpg 800w\" sizes=\"(max-width: 300px) 100vw, 300px\" \/><\/a><p id=\"caption-attachment-8078\" class=\"wp-caption-text\">E por falar em cidade BELA, uma VISTA da PRA\u00c7A LUIZ VIANNA (ainda n\u00e3o existia o Pr\u00e9dio do CINE THEATRO ILH\u00c9US). Foto da d\u00e9cada de 1920, observe a limpeza da Pra\u00e7a e da Rua, \u00e9poca em que o C\u00d3DIGO DE POSTURA funcionava e n\u00e3o se podia jogar um pequeno papel no ch\u00e3o e n\u00e3o colocar lixo na rua antes do HORARIO PREVISTO.<\/p><\/div> <\/center><\/p>\n<p>&#8212;<br \/>\nTexto e fotos: Jos\u00e9 Leite de Souza<\/p>\n","protected":false},"excerpt":{"rendered":"<p>1) O FUTEBOL DE ILH\u00c9US EM 1948. 2) INAUGURADO O MEMORIAL MISAEL TAVARES. 3) AS FOTOS DESTAQUES DA SEMANA.<\/p>\n","protected":false},"author":2,"featured_media":0,"comment_status":"open","ping_status":"open","sticky":false,"template":"","format":"standard","meta":{"_links_to":"","_links_to_target":""},"categories":[10],"tags":[],"_links":{"self":[{"href":"https:\/\/www.r2cpress.com.br\/v1\/wp-json\/wp\/v2\/posts\/8063"}],"collection":[{"href":"https:\/\/www.r2cpress.com.br\/v1\/wp-json\/wp\/v2\/posts"}],"about":[{"href":"https:\/\/www.r2cpress.com.br\/v1\/wp-json\/wp\/v2\/types\/post"}],"author":[{"embeddable":true,"href":"https:\/\/www.r2cpress.com.br\/v1\/wp-json\/wp\/v2\/users\/2"}],"replies":[{"embeddable":true,"href":"https:\/\/www.r2cpress.com.br\/v1\/wp-json\/wp\/v2\/comments?post=8063"}],"version-history":[{"count":4,"href":"https:\/\/www.r2cpress.com.br\/v1\/wp-json\/wp\/v2\/posts\/8063\/revisions"}],"predecessor-version":[{"id":8080,"href":"https:\/\/www.r2cpress.com.br\/v1\/wp-json\/wp\/v2\/posts\/8063\/revisions\/8080"}],"wp:attachment":[{"href":"https:\/\/www.r2cpress.com.br\/v1\/wp-json\/wp\/v2\/media?parent=8063"}],"wp:term":[{"taxonomy":"category","embeddable":true,"href":"https:\/\/www.r2cpress.com.br\/v1\/wp-json\/wp\/v2\/categories?post=8063"},{"taxonomy":"post_tag","embeddable":true,"href":"https:\/\/www.r2cpress.com.br\/v1\/wp-json\/wp\/v2\/tags?post=8063"}],"curies":[{"name":"wp","href":"https:\/\/api.w.org\/{rel}","templated":true}]}}