{"id":8081,"date":"2011-02-04T20:00:59","date_gmt":"2011-02-04T23:00:59","guid":{"rendered":"http:\/\/www.r2cpress.com.br\/v1\/?p=8081"},"modified":"2011-02-04T20:00:59","modified_gmt":"2011-02-04T23:00:59","slug":"existe-um-grande-caos-abaixo-do-ceu-a-situacao-e-excelente","status":"publish","type":"post","link":"https:\/\/www.r2cpress.com.br\/v1\/2011\/02\/04\/existe-um-grande-caos-abaixo-do-ceu-a-situacao-e-excelente\/","title":{"rendered":"EXISTE UM GRANDE CAOS ABAIXO DO C\u00c9U. A SITUA\u00c7\u00c3O \u00c9 EXCELENTE."},"content":{"rendered":"<p><a href=\"http:\/\/www.r2cpress.com.br\/v1\/wp-content\/uploads\/Carlos-pereira-neto2.jpg\"><img loading=\"lazy\" src=\"http:\/\/www.r2cpress.com.br\/v1\/wp-content\/uploads\/Carlos-pereira-neto2.jpg\" alt=\"\" title=\"Carlos pereira neto\" width=\"300\" height=\"133\" class=\"alignleft size-full wp-image-8082\" \/><\/a>Tem algum tempo que n\u00e3o escrevo, n\u00e3o digo muito porque seria uma redund\u00e2ncia; mas o fato \u00e9 que fiquei \u201cIn albis\u201d. Amigos pedem para que fa\u00e7a an\u00e1lises sobre o caos pol\u00edtico- administrativo de Ilh\u00e9us. N\u00e3o tenho o menor saco. O eleitor botou, cabe a ele retirar. Dois mil e doze est\u00e1 perto, por\u00e9m dois anos \u00e9 muito tempo. Quantas \u00e1rvores ser\u00e3o derrubadas e quantos col\u00e9gios ser\u00e3o pintados de verde? O governo de Valderico e este foram os que mais cortaram \u00e1rvores na hist\u00f3ria de Ilh\u00e9us (interessante notar, bela coincid\u00eancia, que para cada novo pr\u00e9dio, todas as amendoeiras em frente s\u00e3o arrancadas, s\u00f3 na Av, Bahia foram quinze)  O IME com aquele verde \u00e9 o fim da picada, \u00e9 o cumulo do mau gosto. Paci\u00eancia, \u00e9 uma administra\u00e7\u00e3o dalt\u00f4nica, quem \u00e9 verde ver vermelho e vice-versa. Pedras verdes e \u00e1rvores cortadas. Depois que Ruy Carvallho ( em homenagem ao saudoso Napole\u00e3o Marques, o autor da frase) disse ser melancia- verde por fora e vermelho por dentro- a administra\u00e7\u00e3o PSB\/PT (mais \u00c2ngela e Mar\u00e3o), s\u00f3 de pirra\u00e7a, resolveu assumir o verde oliva ( n\u00e3o o ecol\u00f3gico, mas o da  desesperan\u00e7a). A pr\u00e1tica pol\u00edtica, independentemente dos discursos e das vestes franciscanas (o que n\u00e3o faz ningu\u00e9m S\u00e3o Francisco) \u00e9, francamente, desmiolada. Pois nem de direita \u00e9 ( por falta de ide\u00e1rio) ; prevalece o fisiologismo em detrimento de id\u00e9ias, n\u00e3o digo nem de esquerda ou socialistas, mas, simplesmente, republicanas . O povo, a cidade, que se lixem. O neg\u00f3cio \u00e9 ocupar espa\u00e7os. Fim de papo. Relembrando o dito por um amigo petista:  \u201cA pol\u00edtica em ilh\u00e9us n\u00e3o tem sanidade!\u201d O autor est\u00e1 no governo e deve ter recuperado a sua.<\/p>\n<p><!--more--><\/p>\n<p>Trinta dias de Dilma \u00e9 pouco tempo para qualquer avalia\u00e7\u00e3o com maior profundidade. A grande imprensa est\u00e1 desnorteada, tateando , buscando criar diverg\u00eancias na pol\u00edtica da presidenta e de Lula. Agora, \u201ca desconhecida\u201d o \u201cposte\u201d, \u201cgrosseira\u201d, \u201csem personalidade pr\u00f3pria\u201d, \u201csem experi\u00eancia\u201d, etc, passou a ter personalidade, enfatiza as quest\u00f5es t\u00e9cnicas, \u00e9 caxias, detalhista, cumpre hor\u00e1rios ( chega 9:30 e sai 23:00) e, se tudo der certo, conforme a vontade da grande m\u00eddia, vai adotar a agenda pol\u00edtica e econ\u00f4mica de Serra. Vamos ter cortes nos gastos sociais e de custeio, flexibilidade nas rela\u00e7\u00f5es trabalhistas, alinhamento internacional com os EUA e Israel. A id\u00e9ia \u00e9 criar divis\u00e3o e confus\u00e3o; desconstruir a imagem de Lula nas supostas diferen\u00e7as de estilo e pol\u00edticas entre ele e a Presidenta. De minha parte, tenho gostado das atitudes da Presidenta. \u00c9 r\u00e1pida, objetiva, n\u00e3o joga conversa fora, sabe que tem r\u00e9gua e compasso, tamb\u00e9m destino. As a\u00e7\u00f5es na trag\u00e9dia carioca s\u00e3o demonstra\u00e7\u00f5es da pegada. \u00c9 governo de continuidade com nuances. O horizonte \u00e9 de um desenvolvimentismo social e democr\u00e1tico. O governo est\u00e1 come\u00e7ando, continuando&#8230;<\/p>\n<p>O mundo anda perplexo. Tenho entrado em sites nacionais, estrangeiros, blogues idem, lido revistas, jornais, tudo querendo informa\u00e7\u00f5es precisas sobre os acontecimentos no Oriente M\u00e9dio. Ningu\u00e9m tem certeza de nada. As avalia\u00e7\u00f5es s\u00e3o contradit\u00f3rias e o mundo do capital teme por seus neg\u00f3cios. Adoraria ver a Ar\u00e1bia Saudita derrubando a sua monarquia corrupta. O mundo \u00e1rabe \u00e9 complexo demais e n\u00e3o existem solu\u00e7\u00f5es m\u00e1gicas.  Al\u00e1 queira que o povo do deserto fa\u00e7a as suas revolu\u00e7\u00f5es econ\u00f4micas e democr\u00e1ticas. Talvez (quem sabe?) diante dos novos acontecimentos, os EUA possibilitem o surgimento do estado palestino. Dizia M\u00e1rio Quintana que \u00e1 \u00fanica coisa boa das guerras, evidentemente para quem est\u00e1 longe do conflito, \u00e9 que aprendemos hist\u00f3ria e geografia. Quantas pessoas sabiam da Tun\u00edsia? Tenho amigo nascido em Ilh\u00e9us que nunca foi no Teot\u00f4nio Vilela, imagine o resto&#8230; Lendo a frase de Mao Ts\u00e9 Tung, recentemente mencionada por Slavoj Zizek, em excelente artigo sobre a situa\u00e7\u00e3o do Egito:\u201d <b>Existe um grande caos abaixo do c\u00e9u- a situa\u00e7\u00e3o \u00e9 excelente\u201d,<\/b> penso no velho Marx: <b>\u201cAs revolu\u00e7\u00f5es s\u00e3o as parteiras da hist\u00f3ria\u201d<\/b>. Infelizmente, para os conservadores, a hist\u00f3ria n\u00e3o p\u00e1ra. Viva a revolu\u00e7\u00e3o \u00e1rabe! O mundo n\u00e3o ser\u00e1 mais como dantes, d\u00ea no que der. <\/p>\n<p>Em Ilh\u00e9us n\u00e3o se fala mais da duplica\u00e7\u00e3o da estrada Ilh\u00e9us\/Itabuna. Morreram as not\u00edcias. O Porto Sul, o aeroporto,  Fiiol, est\u00e1 tudo em ritmo de segundas ordens. Tudo chegar\u00e1 a seu tempo (tempo de quem?). Tudo morno na prov\u00edncia. A vida continua. O \u201cPula Corno\u201d saiu no dia 1\u00ba de janeiro, arrasou e aumentou o n\u00famero de componentes; Gaguinho teve um retumbante preju\u00edzo (mas \u00e9 um mecenas e vive para servir). A Farm\u00e1cia Santa Helena, de meu amigo Ricardo, tem o melhor servi\u00e7o de delivery. Um Bem-te-vi cagou  na cabe\u00e7a de Baianinho, esnobe ele disse que na Toscana isso \u00e9 sorte. O elegante e nobre Duque Murilo Costa recebeu de presente um \u00f3culos Ray Ban, estilo aviation, de lentes verdes enxergar\u00e1 melhor as coisas que quiser, j\u00e1 tendo excelente ouvido e sil\u00eancio aristocr\u00e1tico. Socorro Mendon\u00e7a \u00e9 um bem necess\u00e1rio, tem todo o meu apoio em sua milit\u00e2ncia cidad\u00e3 (mas sou a favor do porto, em todo e qualquer tempo), bravo por criticar o corte das \u00e1rvores. O Blog do Gusm\u00e3o far\u00e1 hist\u00f3ria (o cara \u00e9 inteligente e corajoso). Roberto Rabat sempre dez. Romualdo Lisboa e a sua turma da Casa dos Artistas mostra ser poss\u00edvel trabalhar a cultura aqui, no talento, cara e coragem. O Clube do samba continua cantando samba e S\u00e9rgio Nogueira lan\u00e7ou um lindo CD, muito bom. Nozinho est\u00e1 bombando nas vendas do DVD do seu \u00faltimo show, vale a pena, excelente trabalho . Bebeto quase j\u00e1 esgotou as dez mil c\u00f3pias do DVD do seu show. Quem quiser comprar apare\u00e7a na Barrakitika, os vendedores sempre est\u00e3o por l\u00e1. Tocando em Barrakitika, Rildo Mota arrasou no novo slogan criado para a casa: TODO O MUNDO SE ENCONTRA AQUI! A Barrakitika \u00e9 o mais democr\u00e1tico bar e restaurante da cidade. Carinhosamente digo a Bruno que o lugar \u00e9 uma excelente feijoada; por sinal a melhor e a mais saborosa da cidade \u00e9 vendida l\u00e1.<\/p>\n<p>Em fevereiro, apesar do p\u00e9ssimo governo, Ilh\u00e9us continua linda. Ou melhor, \u201cexiste um caos pol\u00edtico administrativo em Ilh\u00e9us, a situa\u00e7\u00e3o \u00e9 excelente\u201d. O mar continua verde e o c\u00e9u azul. A brisa marinha \u00e9 fresca e Quiquito, o mais culto e simp\u00e1tico gar\u00e7om da cidade, grita, \u201ce a cerveja \u00e9 gelada!\u201d. De perto, Herval  Lemos canta as \u201cmeninas de batom na boca\u201d, D\u00e9lio Santiago dedilha a sua virtuosidade no viol\u00e3o e Gil Lucas batuca numa caixa de f\u00f3sforo. H\u00e1 vida e alegria na cidade.   <\/p>\n<p>Tudo passa e tudo passar\u00e1. Vamos em frente!<\/p>\n","protected":false},"excerpt":{"rendered":"<p>Tem algum tempo que n\u00e3o escrevo, n\u00e3o digo muito porque seria uma redund\u00e2ncia; mas o fato \u00e9 que fiquei \u201cIn albis\u201d. Amigos pedem para que fa\u00e7a an\u00e1lises sobre o caos pol\u00edtico- administrativo de Ilh\u00e9us. N\u00e3o tenho o menor saco. O eleitor botou, cabe a ele retirar. Dois mil e doze est\u00e1 perto, por\u00e9m dois anos [&hellip;]<\/p>\n","protected":false},"author":2,"featured_media":0,"comment_status":"open","ping_status":"open","sticky":false,"template":"","format":"standard","meta":{"_links_to":"","_links_to_target":""},"categories":[10],"tags":[],"_links":{"self":[{"href":"https:\/\/www.r2cpress.com.br\/v1\/wp-json\/wp\/v2\/posts\/8081"}],"collection":[{"href":"https:\/\/www.r2cpress.com.br\/v1\/wp-json\/wp\/v2\/posts"}],"about":[{"href":"https:\/\/www.r2cpress.com.br\/v1\/wp-json\/wp\/v2\/types\/post"}],"author":[{"embeddable":true,"href":"https:\/\/www.r2cpress.com.br\/v1\/wp-json\/wp\/v2\/users\/2"}],"replies":[{"embeddable":true,"href":"https:\/\/www.r2cpress.com.br\/v1\/wp-json\/wp\/v2\/comments?post=8081"}],"version-history":[{"count":2,"href":"https:\/\/www.r2cpress.com.br\/v1\/wp-json\/wp\/v2\/posts\/8081\/revisions"}],"predecessor-version":[{"id":8084,"href":"https:\/\/www.r2cpress.com.br\/v1\/wp-json\/wp\/v2\/posts\/8081\/revisions\/8084"}],"wp:attachment":[{"href":"https:\/\/www.r2cpress.com.br\/v1\/wp-json\/wp\/v2\/media?parent=8081"}],"wp:term":[{"taxonomy":"category","embeddable":true,"href":"https:\/\/www.r2cpress.com.br\/v1\/wp-json\/wp\/v2\/categories?post=8081"},{"taxonomy":"post_tag","embeddable":true,"href":"https:\/\/www.r2cpress.com.br\/v1\/wp-json\/wp\/v2\/tags?post=8081"}],"curies":[{"name":"wp","href":"https:\/\/api.w.org\/{rel}","templated":true}]}}