{"id":812,"date":"2010-10-26T16:06:58","date_gmt":"2010-10-26T19:06:58","guid":{"rendered":"http:\/\/www.r2cpress.com.br\/v1\/?p=812"},"modified":"2010-10-26T16:06:58","modified_gmt":"2010-10-26T19:06:58","slug":"cdl-de-ilheus-lanca-campanha-de-natal-com-coquetel-para-imprensa","status":"publish","type":"post","link":"https:\/\/www.r2cpress.com.br\/v1\/2010\/10\/26\/cdl-de-ilheus-lanca-campanha-de-natal-com-coquetel-para-imprensa\/","title":{"rendered":"CDL DE ILH\u00c9US LAN\u00c7A CAMPANHA DE NATAL COM COQUETEL PARA IMPRENSA"},"content":{"rendered":"<p><strong>A C\u00e2mara dos Dirigentes Lojistas de Ilh\u00e9us antecipou o lan\u00e7amento da campanha de natal 2010. <\/strong><\/p>\n<p><a href=\"http:\/\/www.r2cpress.com.br\/v1\/wp-content\/uploads\/cdl-marcelo-natal-2010.jpg\"><img loading=\"lazy\" src=\"http:\/\/www.r2cpress.com.br\/v1\/wp-content\/uploads\/cdl-marcelo-natal-2010.jpg\" alt=\"\" title=\"cdl marcelo natal 2010\" width=\"226\" height=\"148\" class=\"alignleft size-full wp-image-813\" \/><\/a><br \/>\nCom o tema \u201cNatal M\u00e1gico de Ilh\u00e9us\u201d a campanha promete trazer grandes promo\u00e7\u00f5es, pr\u00eamios e um trabalho de decora\u00e7\u00e3o e ilumina\u00e7\u00e3o caprichado no centro da cidade \u201cnosso intuito \u00e9 deixar o centro comercial mais atrativo, mais bonito, para que os consumidores entrem no verdadeiro clima de Natal, podendo fazer suas compras com mais satisfa\u00e7\u00e3o e com descontos especiais\u201d, explicou Marcelo.<br \/>\n<!--more--><br \/>\nOs kits promocionais j\u00e1 est\u00e3o sendo vendidos para os comerciantes que querem aderir \u00e0 campanha que este ano vai sortear mais de cinq\u00fcenta mil reais em pr\u00eamios. Ser\u00e3o um carro e tr\u00eas motos zero km, al\u00e9m de cinco notebooks. <\/p>\n<p>Marcelo explica que os lojistas que aderiram aos kits antes do dia 16 deste m\u00eas, tamb\u00e9m v\u00e3o concorrer a um notebook no coquetel de lan\u00e7amento oficial da campanha, que ser\u00e1 realizado na pr\u00f3xima sexta-feira (29\/10), \u00e0s 18h, no audit\u00f3rio da Academia de Letras \u201cfaremos um lan\u00e7amento para os diretores da CDL e para a imprensa, que \u00e9 a nossa ponte com a popula\u00e7\u00e3o\u201d ressaltou Marcelo.<\/p>\n<p>A campanha ter\u00e1 in\u00edcio no dia primeiro de novembro e vai at\u00e9 o dia seis de janeiro \u201cEste ano ser\u00e3o dois meses de campanha, com muitos descontos para os consumidores, com um com\u00e9rcio bonito, iluminado, pres\u00e9pio natalino e um stand cheio de pr\u00eamios na Pra\u00e7a da Prefeitura, para que os consumidores que comprarem no com\u00e9rcio de Ilh\u00e9us, possam depositar seus cupons com tranq\u00fcilidade e, quem sabe, faturar um presentinho extra\u201d, concluiu Marcelo.<\/p>\n","protected":false},"excerpt":{"rendered":"<p>A C\u00e2mara dos Dirigentes Lojistas de Ilh\u00e9us antecipou o lan\u00e7amento da campanha de natal 2010. Com o tema \u201cNatal M\u00e1gico de Ilh\u00e9us\u201d a campanha promete trazer grandes promo\u00e7\u00f5es, pr\u00eamios e um trabalho de decora\u00e7\u00e3o e ilumina\u00e7\u00e3o caprichado no centro da cidade \u201cnosso intuito \u00e9 deixar o centro comercial mais atrativo, mais bonito, para que os [&hellip;]<\/p>\n","protected":false},"author":2,"featured_media":0,"comment_status":"open","ping_status":"open","sticky":false,"template":"","format":"standard","meta":{"_links_to":"","_links_to_target":""},"categories":[19],"tags":[],"_links":{"self":[{"href":"https:\/\/www.r2cpress.com.br\/v1\/wp-json\/wp\/v2\/posts\/812"}],"collection":[{"href":"https:\/\/www.r2cpress.com.br\/v1\/wp-json\/wp\/v2\/posts"}],"about":[{"href":"https:\/\/www.r2cpress.com.br\/v1\/wp-json\/wp\/v2\/types\/post"}],"author":[{"embeddable":true,"href":"https:\/\/www.r2cpress.com.br\/v1\/wp-json\/wp\/v2\/users\/2"}],"replies":[{"embeddable":true,"href":"https:\/\/www.r2cpress.com.br\/v1\/wp-json\/wp\/v2\/comments?post=812"}],"version-history":[{"count":3,"href":"https:\/\/www.r2cpress.com.br\/v1\/wp-json\/wp\/v2\/posts\/812\/revisions"}],"predecessor-version":[{"id":816,"href":"https:\/\/www.r2cpress.com.br\/v1\/wp-json\/wp\/v2\/posts\/812\/revisions\/816"}],"wp:attachment":[{"href":"https:\/\/www.r2cpress.com.br\/v1\/wp-json\/wp\/v2\/media?parent=812"}],"wp:term":[{"taxonomy":"category","embeddable":true,"href":"https:\/\/www.r2cpress.com.br\/v1\/wp-json\/wp\/v2\/categories?post=812"},{"taxonomy":"post_tag","embeddable":true,"href":"https:\/\/www.r2cpress.com.br\/v1\/wp-json\/wp\/v2\/tags?post=812"}],"curies":[{"name":"wp","href":"https:\/\/api.w.org\/{rel}","templated":true}]}}