{"id":81850,"date":"2014-05-07T12:31:39","date_gmt":"2014-05-07T15:31:39","guid":{"rendered":"http:\/\/www.r2cpress.com.br\/v1\/?p=81850"},"modified":"2014-05-07T12:31:39","modified_gmt":"2014-05-07T15:31:39","slug":"academia-de-letras-de-ilheus-empossa-novo-integrante","status":"publish","type":"post","link":"https:\/\/www.r2cpress.com.br\/v1\/2014\/05\/07\/academia-de-letras-de-ilheus-empossa-novo-integrante\/","title":{"rendered":"Academia de Letras de Ilh\u00e9us empossa novo integrante"},"content":{"rendered":"<p><strong>A solenidade de nomea\u00e7\u00e3o do m\u00e9dico Gustavo Cunha Carvalho da Silva ocorre nesta quinta-feira, dia 8, na sede da entidade, situada na Rua Ant\u00f4nio Lavigne de Lemos, 39, Centro Hist\u00f3rico.<\/strong><\/p>\n<p><div id=\"attachment_81851\" style=\"width: 343px\" class=\"wp-caption alignright\"><a href=\"http:\/\/www.r2cpress.com.br\/v1\/wp-content\/uploads\/2014\/05\/O-m\u00e9dico-Gustavo-Cunha-Carvalho-da-Silva-vai-ocupar-o-lugar-do-ex-presidente-do-Tribunal-Regional-do-Trabalho-o-desembargador-\u00c9rito-Francisco-Machado-falecido-em-2012-\u2013-Foto-Julay.jpg\"><img aria-describedby=\"caption-attachment-81851\" loading=\"lazy\" src=\"http:\/\/www.r2cpress.com.br\/v1\/wp-content\/uploads\/2014\/05\/O-m\u00e9dico-Gustavo-Cunha-Carvalho-da-Silva-vai-ocupar-o-lugar-do-ex-presidente-do-Tribunal-Regional-do-Trabalho-o-desembargador-\u00c9rito-Francisco-Machado-falecido-em-2012-\u2013-Foto-Julay.jpg\" alt=\"O m\u00e9dico Gustavo Cunha Carvalho da Silva vai ocupar o lugar do ex - presidente do Tribunal Regional do Trabalho, o desembargador  \u00c9rito Francisco Machado, falecido em 2012 \u2013 Foto Julay\" width=\"333\" height=\"222\" class=\"size-full wp-image-81851\" srcset=\"https:\/\/www.r2cpress.com.br\/v1\/wp-content\/uploads\/2014\/05\/O-m\u00e9dico-Gustavo-Cunha-Carvalho-da-Silva-vai-ocupar-o-lugar-do-ex-presidente-do-Tribunal-Regional-do-Trabalho-o-desembargador-\u00c9rito-Francisco-Machado-falecido-em-2012-\u2013-Foto-Julay.jpg 333w, https:\/\/www.r2cpress.com.br\/v1\/wp-content\/uploads\/2014\/05\/O-m\u00e9dico-Gustavo-Cunha-Carvalho-da-Silva-vai-ocupar-o-lugar-do-ex-presidente-do-Tribunal-Regional-do-Trabalho-o-desembargador-\u00c9rito-Francisco-Machado-falecido-em-2012-\u2013-Foto-Julay-300x200.jpg 300w\" sizes=\"(max-width: 333px) 100vw, 333px\" \/><\/a><p id=\"caption-attachment-81851\" class=\"wp-caption-text\">O m\u00e9dico Gustavo Cunha Carvalho da Silva vai ocupar o lugar do ex &#8211; presidente do Tribunal Regional do Trabalho, o desembargador  \u00c9rito Francisco Machado, falecido em 2012 \u2013 Foto Julay<\/p><\/div>A Academia de Letras de Ilh\u00e9us empossa nesta quinta-feira, dia 8, a partir das 19 horas, o m\u00e9dico Gustavo Cunha Carvalho da Silva, como membro efetivo da cadeira n\u00famero 5, que era ocupada pelo ex-presidente do Tribunal Regional do Trabalho (TRT-5), desembargador \u00c9rito Francisco Machado, que faleceu em 2012. Na oportunidade, ele ser\u00e1 saudado pela acad\u00eamica e professora de l\u00edngua portuguesa Neide Silveira de Souza. A institui\u00e7\u00e3o est\u00e1 situada na Rua Ant\u00f4nio Lavigne de Lemos, 39, Centro Hist\u00f3rico.<\/p>\n<p>Autor do livro \u201cCh\u00e1cara das tormentas\u201d, Gustavo Cunha nasceu em Ilh\u00e9us e aos 16 anos foi morar em Salvador. Estudou na Escola de Medicina e Sa\u00fade P\u00fablica e foi aprovado para o curso de doen\u00e7as infecto-contagiosas e doen\u00e7as tropicais, no Institut Voor Tropische Geneeskunde, na B\u00e9lgica. Ao retornar ao Brasil, especializou-se em sa\u00fade p\u00fablica, pela Universidade de Ribeir\u00e3o Preto, em S\u00e3o Paulo.<\/p>\n<p> O seu primeiro romance foi lan\u00e7ado ano passado. Gustavo Cunha informou que \u201co livro conta a hist\u00f3ria de Heinrich, que nos faz refletir sobre os caminhos que tomamos, consagrando a passagem do meio. Aquele que nos conduz de forma inexor\u00e1vel a uma vida de raros sabores, mais rica de ideias, mais cheia de m\u00faltiplas sensa\u00e7\u00f5es, levando-nos a uma exist\u00eancia plena e vigorosa\u201d.<\/p>\n<p>&#8212;<br \/>\nSecretaria de Comunica\u00e7\u00e3o (Secom)<\/p>\n","protected":false},"excerpt":{"rendered":"<p>A solenidade de nomea\u00e7\u00e3o do m\u00e9dico Gustavo Cunha Carvalho da Silva ocorre nesta quinta-feira, dia 8, na sede da entidade, situada na Rua Ant\u00f4nio Lavigne de Lemos, 39, Centro Hist\u00f3rico. A Academia de Letras de Ilh\u00e9us empossa nesta quinta-feira, dia 8, a partir das 19 horas, o m\u00e9dico Gustavo Cunha Carvalho da Silva, como membro [&hellip;]<\/p>\n","protected":false},"author":2,"featured_media":0,"comment_status":"open","ping_status":"open","sticky":false,"template":"","format":"standard","meta":{"_links_to":"","_links_to_target":""},"categories":[5],"tags":[],"_links":{"self":[{"href":"https:\/\/www.r2cpress.com.br\/v1\/wp-json\/wp\/v2\/posts\/81850"}],"collection":[{"href":"https:\/\/www.r2cpress.com.br\/v1\/wp-json\/wp\/v2\/posts"}],"about":[{"href":"https:\/\/www.r2cpress.com.br\/v1\/wp-json\/wp\/v2\/types\/post"}],"author":[{"embeddable":true,"href":"https:\/\/www.r2cpress.com.br\/v1\/wp-json\/wp\/v2\/users\/2"}],"replies":[{"embeddable":true,"href":"https:\/\/www.r2cpress.com.br\/v1\/wp-json\/wp\/v2\/comments?post=81850"}],"version-history":[{"count":1,"href":"https:\/\/www.r2cpress.com.br\/v1\/wp-json\/wp\/v2\/posts\/81850\/revisions"}],"predecessor-version":[{"id":81852,"href":"https:\/\/www.r2cpress.com.br\/v1\/wp-json\/wp\/v2\/posts\/81850\/revisions\/81852"}],"wp:attachment":[{"href":"https:\/\/www.r2cpress.com.br\/v1\/wp-json\/wp\/v2\/media?parent=81850"}],"wp:term":[{"taxonomy":"category","embeddable":true,"href":"https:\/\/www.r2cpress.com.br\/v1\/wp-json\/wp\/v2\/categories?post=81850"},{"taxonomy":"post_tag","embeddable":true,"href":"https:\/\/www.r2cpress.com.br\/v1\/wp-json\/wp\/v2\/tags?post=81850"}],"curies":[{"name":"wp","href":"https:\/\/api.w.org\/{rel}","templated":true}]}}