{"id":820,"date":"2010-10-26T17:33:09","date_gmt":"2010-10-26T20:33:09","guid":{"rendered":"http:\/\/www.r2cpress.com.br\/v1\/?p=820"},"modified":"2010-10-26T17:33:09","modified_gmt":"2010-10-26T20:33:09","slug":"produtores-exigem-acoes-da-justica-e-da-policia-contra-invasoes-no-sul-da-bahia","status":"publish","type":"post","link":"https:\/\/www.r2cpress.com.br\/v1\/2010\/10\/26\/produtores-exigem-acoes-da-justica-e-da-policia-contra-invasoes-no-sul-da-bahia\/","title":{"rendered":"Produtores exigem a\u00e7\u00f5es da justi\u00e7a e da pol\u00edcia contra invas\u00f5es no Sul da Bahia"},"content":{"rendered":"<p><center><div id=\"attachment_821\" style=\"width: 310px\" class=\"wp-caption alignnone\"><a href=\"http:\/\/www.r2cpress.com.br\/v1\/wp-content\/uploads\/invas\u00e3o.jpg\"><img aria-describedby=\"caption-attachment-821\" loading=\"lazy\" src=\"http:\/\/www.r2cpress.com.br\/v1\/wp-content\/uploads\/invas\u00e3o-300x300.jpg\" alt=\"\" title=\"invas\u00e3o\" width=\"300\" height=\"300\" class=\"size-medium wp-image-821\" srcset=\"https:\/\/www.r2cpress.com.br\/v1\/wp-content\/uploads\/invas\u00e3o-300x300.jpg 300w, https:\/\/www.r2cpress.com.br\/v1\/wp-content\/uploads\/invas\u00e3o-150x150.jpg 150w, https:\/\/www.r2cpress.com.br\/v1\/wp-content\/uploads\/invas\u00e3o.jpg 750w\" sizes=\"(max-width: 300px) 100vw, 300px\" \/><\/a><p id=\"caption-attachment-821\" class=\"wp-caption-text\">Invas\u00f5es no Sul da Bahia. Fotos: Cristiano Cruz.<\/p><\/div><\/center><\/p>\n<p> \tPreocupados com as constantes invas\u00f5es de terras produtivas no Sul da Bahia nos \u00faltimos dias, patrocinada por supostos \u00edndios Tupinamb\u00e1, dezenas de pequenos produtores rurais dos munic\u00edpios de Ilh\u00e9us, Una e Buerarema solicitaram uma a\u00e7\u00e3o mais eficaz do Minist\u00e9rio P\u00fablico Federal, da Justi\u00e7a Federal e da Pol\u00edcia Federal no sentido de evitar que esses atos de terror e vandalismo continuem acontecendo, fazendo a cada dia novas v\u00edtimas, al\u00e9m de exigir que os invasores desocupem imediatamente as \u00e1reas de conflitos. Somente nos \u00faltimos seis dias pelo menos nove fazendas na regi\u00e3o j\u00e1 foram invadidas pelos supostos \u00edndios que, fortemente armados, expulsam produtores, trabalhadores e saqueiam objetos e toda a produ\u00e7\u00e3o. A informa\u00e7\u00e3o que os produtores receberam foi de que uma grande invas\u00e3o est\u00e1 sendo planejada para os pr\u00f3ximos dias, justamente nas v\u00e9speras das elei\u00e7\u00f5es, interditando estradas e impedindo o direito dos trabalhadores de votar.<br \/>\n <!--more--><br \/>\nEm comitiva, os pequenos produtores seguiram na tarde de ontem(25) para a sede do Minist\u00e9rio P\u00fablico Federal em Ilh\u00e9us para exigir uma posi\u00e7\u00e3o visando evitar as invas\u00f5es. Como n\u00e3o receberam qualquer apoio do Minist\u00e9rio P\u00fablico Federal, que tem se posicionado de forma parcial na defesa dos supostos \u00edndios, os produtores disseram que n\u00e3o se responsabilizam por qualquer rea\u00e7\u00e3o dos agricultores na tentativa de evitar as invas\u00f5es e os saques em suas propriedades. Na avalia\u00e7\u00e3o do presidente da Associa\u00e7\u00e3o dos Pequenos Produtores de Ilh\u00e9us, Una e Buerarema, Luiz Henrique Uaquim, o Minist\u00e9rio P\u00fablico Federal tem partido sempre na defesa dos supostos \u00edndios, esquecendo-se de defender os demais brasileiros, que pagam seus impostos, inclusive toda a estrutura do \u00f3rg\u00e3o, os sal\u00e1rios e ainda a comida que \u00e9 doada para os ind\u00edgenas. <\/p>\n<p>\tDa sede do Minist\u00e9rio P\u00fablico Federal a comitiva seguiu para a Justi\u00e7a Federal, sendo recebida pelo juiz de direito Pedro Holliday. O magistrado disse saber de todo o conflito e das invas\u00f5es de terras, mas orientou que o grupo procurasse a Pol\u00edcia Federal, que tinha o dever de n\u00e3o somente impedir as invas\u00f5es, como tamb\u00e9m garantir a reintegra\u00e7\u00e3o de posse aos produtores. Na oportunidade os representantes dos pequenos produtores denunciaram que as caminhonetes e caminh\u00f5es que deveriam fazer o transporte escolar est\u00e3o sendo usados nas invas\u00f5es. O juiz orientou que a den\u00fancia fosse feita formalmente para que a partir da\u00ed sejam tomadas as medidas cab\u00edveis evitando esses desvios de ve\u00edculos que deveriam estar servindo \u00e0 educa\u00e7\u00e3o.<\/p>\n<p>Os produtores tamb\u00e9m seguiram para a sede da Pol\u00edcia Federal de Ilh\u00e9us, onde foram recebidos pele delegada Denise Dias de Oliveira Cavalcante. A delegada informou que a Pol\u00edcia Federal estava sem efetivo para realizar a reintegra\u00e7\u00e3o de terras nas \u00e1reas invadidas, mas que nos pr\u00f3ximos dias estar\u00e1 recebendo todo o efetivo necess\u00e1rio para realizar uma ampla opera\u00e7\u00e3o nas \u00e1reas de conflitos. A delegada tranq\u00fcilizou os agricultores e disse que nos pr\u00f3ximos dias ser\u00e1 feita a reintegra\u00e7\u00e3o de todas as \u00e1reas que foram invadidas pelos supostos \u00edndios Tupinamb\u00e1. Os produtores tamb\u00e9m receberam o apoio da Ordem dos Advogados do Brasil (OAB-Subse\u00e7\u00e3o Ilh\u00e9us).<\/p>\n<p>Nas \u00e1reas de conflitos o clima \u00e9 de terror e medo. Uma das fazendas invadidas nos \u00faltimos dias foi no distrito do Acu\u00edpe, na madrugada de anteontem. Emocionada e com l\u00e1grimas nos olhos, a trabalhadora rural Maria das Gra\u00e7as de Jesus conta os momentos de horror que viveu e da viol\u00eancia que sofreu. Segundo ela, estava dormindo quando por volta das 4 horas da manh\u00e3 um grupo formado por representantes de v\u00e1rias ra\u00e7as e etinias anunciaram a invas\u00e3o, armados com rev\u00f3lveres e espingardas. Toda a fam\u00edlia foi obrigada a abandonar a fazenda e a trabalhadora ainda foi desrespeitada, humilhada e amea\u00e7ada de morte. O dono da fazenda faz quest\u00e3o de colocar que esses invasores jamais foram \u00edndios e que se tratam de \u201cmarginais da pior esp\u00e9cie que s\u00e3o recrutados por falsas lideran\u00e7as ind\u00edgenas para invadir as terras produtivas e saquear toda a produ\u00e7\u00e3o\u201d.  <\/p>\n","protected":false},"excerpt":{"rendered":"<p>Preocupados com as constantes invas\u00f5es de terras produtivas no Sul da Bahia nos \u00faltimos dias, patrocinada por supostos \u00edndios Tupinamb\u00e1, dezenas de pequenos produtores rurais dos munic\u00edpios de Ilh\u00e9us, Una e Buerarema solicitaram uma a\u00e7\u00e3o mais eficaz do Minist\u00e9rio P\u00fablico Federal, da Justi\u00e7a Federal e da Pol\u00edcia Federal no sentido de evitar que esses atos [&hellip;]<\/p>\n","protected":false},"author":2,"featured_media":0,"comment_status":"open","ping_status":"open","sticky":false,"template":"","format":"standard","meta":{"_links_to":"","_links_to_target":""},"categories":[22],"tags":[],"_links":{"self":[{"href":"https:\/\/www.r2cpress.com.br\/v1\/wp-json\/wp\/v2\/posts\/820"}],"collection":[{"href":"https:\/\/www.r2cpress.com.br\/v1\/wp-json\/wp\/v2\/posts"}],"about":[{"href":"https:\/\/www.r2cpress.com.br\/v1\/wp-json\/wp\/v2\/types\/post"}],"author":[{"embeddable":true,"href":"https:\/\/www.r2cpress.com.br\/v1\/wp-json\/wp\/v2\/users\/2"}],"replies":[{"embeddable":true,"href":"https:\/\/www.r2cpress.com.br\/v1\/wp-json\/wp\/v2\/comments?post=820"}],"version-history":[{"count":2,"href":"https:\/\/www.r2cpress.com.br\/v1\/wp-json\/wp\/v2\/posts\/820\/revisions"}],"predecessor-version":[{"id":823,"href":"https:\/\/www.r2cpress.com.br\/v1\/wp-json\/wp\/v2\/posts\/820\/revisions\/823"}],"wp:attachment":[{"href":"https:\/\/www.r2cpress.com.br\/v1\/wp-json\/wp\/v2\/media?parent=820"}],"wp:term":[{"taxonomy":"category","embeddable":true,"href":"https:\/\/www.r2cpress.com.br\/v1\/wp-json\/wp\/v2\/categories?post=820"},{"taxonomy":"post_tag","embeddable":true,"href":"https:\/\/www.r2cpress.com.br\/v1\/wp-json\/wp\/v2\/tags?post=820"}],"curies":[{"name":"wp","href":"https:\/\/api.w.org\/{rel}","templated":true}]}}