{"id":82322,"date":"2014-05-21T20:39:53","date_gmt":"2014-05-21T23:39:53","guid":{"rendered":"http:\/\/www.r2cpress.com.br\/v1\/?p=82322"},"modified":"2014-05-21T20:42:13","modified_gmt":"2014-05-21T23:42:13","slug":"no-a-tarde-moda","status":"publish","type":"post","link":"https:\/\/www.r2cpress.com.br\/v1\/2014\/05\/21\/no-a-tarde-moda\/","title":{"rendered":"NO A TARDE MODA"},"content":{"rendered":"<h1 style=\"font-weight: inherit; color: #000000; text-align: center;\"><strong>CINEMA NAS PRA\u00c7AS DA BAHIA<\/strong><\/h1>\n<p style=\"color: #000000;\">Por Rafael Vasconcelos<\/p>\n<p><center><a style=\"font-weight: inherit; font-style: inherit;\" href=\"http:\/\/moda.atarde.uol.com.br\/wp-content\/uploads\/2014\/05\/Imagem2__.png\" data-slb-group=\"10921\" data-slb-active=\"1\" data-slb-internal=\"0\"><img loading=\"lazy\" class=\"size-full wp-image-10924 aligncenter\" style=\"font-weight: inherit; font-style: inherit;\" src=\"http:\/\/moda.atarde.uol.com.br\/wp-content\/uploads\/2014\/05\/Imagem2__.png\" alt=\"Imagem2__\" width=\"448\" height=\"272\" \/><\/a><\/center><\/p>\n<p style=\"color: #000000;\">Come\u00e7a hoje o projeto especial de O Botic\u00e1rio, onde um caminh\u00e3o ir\u00e1 transformar 15 pra\u00e7as de cidades do interior baiano em um verdadeiro cinema a c\u00e9u aberto. Atrav\u00e9s do projeto Viva Linda O Botic\u00e1rio, a marca vai promover uma a\u00e7\u00e3o itinerante in\u00e9dita, que vai oferecer sess\u00f5es gratuitas do filme \u201cGonzaga \u2013 de Pai para Filho\u201d, com direito a pipoca, para milhares de pessoas. A a\u00e7\u00e3o \u00e9 uma verdadeira inova\u00e7\u00e3o para os moradores dos munic\u00edpios, que ter\u00e3o acesso \u00e0 cultura, atrav\u00e9s do entretenimento, al\u00e9m de ficarem por dentro das novidades de O Botic\u00e1rio, que montar\u00e1 um\u00a0<i>lounge<\/i>especial com exposi\u00e7\u00e3o de produtos da marca, deixando as mulheres da regi\u00e3o ainda mais lindas.<\/p>\n<p style=\"color: #000000;\">A caravana pelo interior come\u00e7a no dia 21 de maio e deve percorrer as cidades de Vit\u00f3ria da Conquista (21), Jequi\u00e9 (23), Santo Ant\u00f4nio de Jesus (25), Barreiras (27), Irec\u00ea (29), Jacobina (31), Juazeiro (02\/06), Paulo Afonso (04), Feira de Santana (06), Alagoinhas (07), Sim\u00f5es Filho (08), Cama\u00e7ari (10), Porto Seguro (13), Ilh\u00e9us (14) e Itabuna (15).<\/p>\n<p style=\"color: #000000;\">Para participar, basta ir a uma das lojas O Botic\u00e1rio da cidade onde a a\u00e7\u00e3o ir\u00e1 acontecer e retirar os ingressos. O longa-metragem \u201cGonzaga \u2013 de Pai para Filho\u201d, conta a hist\u00f3ria do cantor e sanfoneiro Luiz Gonzaga, tamb\u00e9m conhecido como O Rei do Bai\u00e3o ou Gonzag\u00e3o, e de seu filho, popularmente chamado de Gonzaguinha.<\/p>\n<p style=\"color: #000000;\">A a\u00e7\u00e3o, que est\u00e1 sendo realizada pela Ag\u00eancia Ideia 3, faz parte de um grande projeto de O Botic\u00e1rio na Bahia para estimular as baianas a viverem com mais intensidade o poder transformador da beleza. Dentre as a\u00e7\u00f5es j\u00e1 realizadas no estado, est\u00e3o as Semanas da Beleza, Blitz nos bairros, cursos de forma\u00e7\u00e3o de maquiadores e concurso de beleza Passarela Viva Linda.<\/p>\n<p style=\"color: #000000;\"><b>Confiram as data<\/b><b>s, os locais e o hor\u00e1rio<\/b>:<\/p>\n<p style=\"color: #000000;\"><!--more--><\/p>\n<p style=\"color: #000000;\">&#8211; Dia 21\/05 \u2013 Viva Linda Vit\u00f3ria da Conquista (Pra\u00e7a da Juventude);<\/p>\n<p style=\"color: #000000;\">&#8211; Dia 23\/05 \u2013 Viva Linda Jequi\u00e9 (Pra\u00e7a Ruy Barbosa);<\/p>\n<p style=\"color: #000000;\">&#8211; Dia 25\/05 \u2013 Viva Linda Santo Ant\u00f4nio de Jesus (Pra\u00e7a Renato machado);<\/p>\n<p style=\"color: #000000;\">&#8211; Dia 27\/05 \u2013 Viva Linda Barreiras (Pra\u00e7a Castro Alves);<\/p>\n<p style=\"color: #000000;\">&#8211; Dia 29\/05 \u2013 Viva Linda Irec\u00ea (Pra\u00e7a Teot\u00f4nio Marques Dourado);<\/p>\n<p style=\"color: #000000;\">&#8211; Dia 31\/05 \u2013 Viva Linda Jacobina (Pra\u00e7a da Miss\u00e3o);<\/p>\n<p style=\"color: #000000;\">&#8211; Dia 02\/06 \u2013 Viva Linda Juazeiro (Espa\u00e7o Vaporzinho);<\/p>\n<p style=\"color: #000000;\">&#8211; Dia 04\/06 \u2013 Viva Linda Paulo Afonso (P\u00e1tio de Evento Cultural \u2013 Av. Landulfo Alves);<\/p>\n<p style=\"color: #000000;\">&#8211; Dia 06\/06 \u2013 Viva Linda Feira de Santana (Pra\u00e7a George Am\u00e9rico);<\/p>\n<p style=\"color: #000000;\">&#8211; Dia 07\/06 \u2013 Viva Linda Alagoinhas (Pra\u00e7a Ruy Barbosa);<\/p>\n<p style=\"color: #000000;\">&#8211; Dia 08\/06 \u2013 Viva Linda Sim\u00f5es Filho (Pra\u00e7a da B\u00edblia);<\/p>\n<p style=\"color: #000000;\">&#8211; Dia 10\/06 \u2013 Viva Linda Cama\u00e7ari (Pra\u00e7a da Simpatia);<\/p>\n<p style=\"color: #000000;\">&#8211; Dia 13\/06 \u2013 Viva Linda Porto Seguro (Pra\u00e7a da Paz \u2013 Antiga Pra\u00e7a do Rel\u00f3gio);<\/p>\n<p style=\"color: #000000;\">&#8211; Dia 14\/06 \u2013 Viva Linda Ilh\u00e9us (Pra\u00e7a Castro Alves);<\/p>\n<p style=\"color: #000000;\">&#8211; Dia 15\/06 \u2013 Viva Linda Itabuna (Pra\u00e7a Camacan);<\/p>\n<p style=\"color: #000000;\"><b>Hor\u00e1rio<\/b>: 19h<\/p>\n<p style=\"color: #000000;\">\u00a0&#8212;<\/p>\n<p style=\"color: #000000;\"><strong>A TARDE MODA:<\/strong><\/p>\n<p style=\"color: #000000;\">\n<blockquote data-secret=\"iXaF83UMB4\" class=\"wp-embedded-content\"><p><a href=\"http:\/\/www.r2cpress.com.br\/v1\/2011\/03\/18\/camara-municipal-de-ilheus-59\/mont-capa-site-67\/\">MONT CAPA SITE<\/a><\/p><\/blockquote>\n<p><iframe class=\"wp-embedded-content\" sandbox=\"allow-scripts\" security=\"restricted\" style=\"position: absolute; clip: rect(1px, 1px, 1px, 1px);\" src=\"http:\/\/www.r2cpress.com.br\/v1\/2011\/03\/18\/camara-municipal-de-ilheus-59\/mont-capa-site-67\/embed\/#?secret=iXaF83UMB4\" data-secret=\"iXaF83UMB4\" width=\"500\" height=\"282\" title=\"&#8220;MONT CAPA SITE&#8221; &#8212; R2CPRESS | A Letra Fria da Verdade\" frameborder=\"0\" marginwidth=\"0\" marginheight=\"0\" scrolling=\"no\"><\/iframe><\/p>\n<p style=\"color: #000000;\">Fotos: Divulga\u00e7\u00e3o<\/p>\n","protected":false},"excerpt":{"rendered":"<p>CINEMA NAS PRA\u00c7AS DA BAHIA Por Rafael Vasconcelos Come\u00e7a hoje o projeto especial de O Botic\u00e1rio, onde um caminh\u00e3o ir\u00e1 transformar 15 pra\u00e7as de cidades do interior baiano em um verdadeiro cinema a c\u00e9u aberto. Atrav\u00e9s do projeto Viva Linda O Botic\u00e1rio, a marca vai promover uma a\u00e7\u00e3o itinerante in\u00e9dita, que vai oferecer sess\u00f5es gratuitas [&hellip;]<\/p>\n","protected":false},"author":2,"featured_media":0,"comment_status":"open","ping_status":"open","sticky":false,"template":"","format":"standard","meta":{"_links_to":"","_links_to_target":""},"categories":[13],"tags":[],"_links":{"self":[{"href":"https:\/\/www.r2cpress.com.br\/v1\/wp-json\/wp\/v2\/posts\/82322"}],"collection":[{"href":"https:\/\/www.r2cpress.com.br\/v1\/wp-json\/wp\/v2\/posts"}],"about":[{"href":"https:\/\/www.r2cpress.com.br\/v1\/wp-json\/wp\/v2\/types\/post"}],"author":[{"embeddable":true,"href":"https:\/\/www.r2cpress.com.br\/v1\/wp-json\/wp\/v2\/users\/2"}],"replies":[{"embeddable":true,"href":"https:\/\/www.r2cpress.com.br\/v1\/wp-json\/wp\/v2\/comments?post=82322"}],"version-history":[{"count":4,"href":"https:\/\/www.r2cpress.com.br\/v1\/wp-json\/wp\/v2\/posts\/82322\/revisions"}],"predecessor-version":[{"id":82326,"href":"https:\/\/www.r2cpress.com.br\/v1\/wp-json\/wp\/v2\/posts\/82322\/revisions\/82326"}],"wp:attachment":[{"href":"https:\/\/www.r2cpress.com.br\/v1\/wp-json\/wp\/v2\/media?parent=82322"}],"wp:term":[{"taxonomy":"category","embeddable":true,"href":"https:\/\/www.r2cpress.com.br\/v1\/wp-json\/wp\/v2\/categories?post=82322"},{"taxonomy":"post_tag","embeddable":true,"href":"https:\/\/www.r2cpress.com.br\/v1\/wp-json\/wp\/v2\/tags?post=82322"}],"curies":[{"name":"wp","href":"https:\/\/api.w.org\/{rel}","templated":true}]}}