{"id":8255,"date":"2011-02-08T07:21:06","date_gmt":"2011-02-08T10:21:06","guid":{"rendered":"http:\/\/www.r2cpress.com.br\/v1\/?p=8255"},"modified":"2011-02-08T07:21:06","modified_gmt":"2011-02-08T10:21:06","slug":"posto-de-saude-herval-soledade-2","status":"publish","type":"post","link":"https:\/\/www.r2cpress.com.br\/v1\/2011\/02\/08\/posto-de-saude-herval-soledade-2\/","title":{"rendered":"POSTO DE SA\u00daDE HERVAL SOLEDADE&#8230;"},"content":{"rendered":"<p><center><strong>&#8230;ATUALMENTE MAIS CONHECIDO PELA POPULA\u00c7\u00c3O COMO POSTO DA MISERIC\u00d3RDIA!!!<\/strong><br \/>\n<a href=\"http:\/\/www.r2cpress.com.br\/v1\/wp-content\/uploads\/MELCK-NOVA2.jpg\"><img loading=\"lazy\" src=\"http:\/\/www.r2cpress.com.br\/v1\/wp-content\/uploads\/MELCK-NOVA2.jpg\" alt=\"\" title=\"MELCK NOVA\" width=\"300\" height=\"129\" class=\"alignnone size-full wp-image-8258\" \/><\/a><\/center><br \/>\n<div id=\"attachment_8256\" style=\"width: 211px\" class=\"wp-caption alignleft\"><a href=\"http:\/\/www.r2cpress.com.br\/v1\/wp-content\/uploads\/posto-herval-pontal-melck.jpg\"><img aria-describedby=\"caption-attachment-8256\" loading=\"lazy\" src=\"http:\/\/www.r2cpress.com.br\/v1\/wp-content\/uploads\/posto-herval-pontal-melck-201x300.jpg\" alt=\"\" title=\"posto herval pontal melck\" width=\"201\" height=\"300\" class=\"size-medium wp-image-8256\" srcset=\"https:\/\/www.r2cpress.com.br\/v1\/wp-content\/uploads\/posto-herval-pontal-melck-201x300.jpg 201w, https:\/\/www.r2cpress.com.br\/v1\/wp-content\/uploads\/posto-herval-pontal-melck-686x1024.jpg 686w, https:\/\/www.r2cpress.com.br\/v1\/wp-content\/uploads\/posto-herval-pontal-melck.jpg 750w\" sizes=\"(max-width: 201px) 100vw, 201px\" \/><\/a><p id=\"caption-attachment-8256\" class=\"wp-caption-text\">Posto de Sa\u00fade Herval Soledade (Pontal).<\/p><\/div>Gostaria de estar escrevendo somente coisas boas positivas, a respeito da Sa\u00fade de Ilh\u00e9us,mas nada a comemorar.<br \/>\nSenhor Prefeito Newton Lima, eu como toda a comunidade do Pontal somos testemunhas da sua promessa de campanha em 2008, quando em pra\u00e7a p\u00fablica aqui no bairro mais precisamente na Pra\u00e7a de Esportes prometeu a juventude recuperar a pra\u00e7a de Esportes e o Posto de Sa\u00fade.Dois anos falta para findar seu mandato e nada de reformas em nenhuma das obras prometidas.O povo acreditou eu n\u00e3o acredito em fal\u00e1cias de promessas eleitoreiras.<\/p>\n<p>Mas vamos as fatos focados nas fotos do Posto de Sa\u00fade Herval Soledade, que outrora foi refer\u00eancia de bons servi\u00e7os prestados a popula\u00e7\u00e3o, que atendia os distritos, municipios, com boa equipe  de m\u00e9dicos, enfermeiras, auxiliares de enfermagem, atendimento odontologia, hoje suspenso por falta de luvas e masc\u00e1ras.Muitos exames que antes eram realizados pelo corpo cl\u00ednico do Posto de Sa\u00fade deixou de ser realizado por falta de material descart\u00e1vel, como luvas, sab\u00e3o, toalhas.Pacientes esperam em longas filas e apelam pela Miseric\u00f3rdia Divina, conseguir atendimento no posto de Sa\u00fade.<\/p>\n<p>A Secret\u00e1ria de Sa\u00fade tem como objetivo oferecer \u00e0 popula\u00e7\u00e3o sa\u00fade p\u00fablica de qualidade.Estamos hoje no ponto m\u00e1ximo do caos da Sa\u00fade P\u00fablica que instalou no Municipio em seu governo.Municipalizar a Sa\u00fade foi um dos objetivos do Municipio, postos de Sa\u00fade em todos os distritos, Municipios, para que pacientes desses Distritos e Munic\u00edpios n\u00e3o tivesse que descolocar longas dist\u00e2ncias para atendimento em Ilh\u00e9us.Mas infelismente nosso desejo n\u00e3o tornou realidade.Portanto nuclear, n\u00e3o \u00e9 apagar as luzes da comunidade mas sim, dar condi\u00e7\u00f5es de um bom atendimento de Sa\u00fade.<\/p>\n<p>Dr. Jorge Arouca, Secret\u00e1rio de Sa\u00fade de Ilh\u00e9us, busque solu\u00e7\u00f5es dos problemas detectados com o caos instalado na sa\u00fade, encontre uma maneira de fazer uma medicina preventiva, atacando a causa, antes que a sa\u00fade entre em ruinas de vez.Sei que a tarefa \u00e9 dif\u00edcil de dominar mas n\u00e3o \u00e9 imposs\u00edvel controlar.<\/p>\n<p>A capacidade de motivar, a alegria que cativa que impulsiona, que motiva para o trabalho, contribui para a sobreviv\u00eancia de uma sa\u00fade de qualidade que esta condicionada \u00e0 capacidade de gerenciar os recursos e prepara\u00e7\u00e3o dos profissionais da sa\u00fade, superar desafios e a desconcentra\u00e7\u00e3o do poder que ouvimos a fala do povo, trabalha para melhoria da sa\u00fade nas comunidades.<\/p>\n<p>Melck Rabelo<\/p>\n","protected":false},"excerpt":{"rendered":"<p>&#8230;ATUALMENTE MAIS CONHECIDO PELA POPULA\u00c7\u00c3O COMO POSTO DA MISERIC\u00d3RDIA!!! Gostaria de estar escrevendo somente coisas boas positivas, a respeito da Sa\u00fade de Ilh\u00e9us,mas nada a comemorar. Senhor Prefeito Newton Lima, eu como toda a comunidade do Pontal somos testemunhas da sua promessa de campanha em 2008, quando em pra\u00e7a p\u00fablica aqui no bairro mais precisamente [&hellip;]<\/p>\n","protected":false},"author":2,"featured_media":0,"comment_status":"open","ping_status":"open","sticky":false,"template":"","format":"standard","meta":{"_links_to":"","_links_to_target":""},"categories":[10],"tags":[],"_links":{"self":[{"href":"https:\/\/www.r2cpress.com.br\/v1\/wp-json\/wp\/v2\/posts\/8255"}],"collection":[{"href":"https:\/\/www.r2cpress.com.br\/v1\/wp-json\/wp\/v2\/posts"}],"about":[{"href":"https:\/\/www.r2cpress.com.br\/v1\/wp-json\/wp\/v2\/types\/post"}],"author":[{"embeddable":true,"href":"https:\/\/www.r2cpress.com.br\/v1\/wp-json\/wp\/v2\/users\/2"}],"replies":[{"embeddable":true,"href":"https:\/\/www.r2cpress.com.br\/v1\/wp-json\/wp\/v2\/comments?post=8255"}],"version-history":[{"count":4,"href":"https:\/\/www.r2cpress.com.br\/v1\/wp-json\/wp\/v2\/posts\/8255\/revisions"}],"predecessor-version":[{"id":8261,"href":"https:\/\/www.r2cpress.com.br\/v1\/wp-json\/wp\/v2\/posts\/8255\/revisions\/8261"}],"wp:attachment":[{"href":"https:\/\/www.r2cpress.com.br\/v1\/wp-json\/wp\/v2\/media?parent=8255"}],"wp:term":[{"taxonomy":"category","embeddable":true,"href":"https:\/\/www.r2cpress.com.br\/v1\/wp-json\/wp\/v2\/categories?post=8255"},{"taxonomy":"post_tag","embeddable":true,"href":"https:\/\/www.r2cpress.com.br\/v1\/wp-json\/wp\/v2\/tags?post=8255"}],"curies":[{"name":"wp","href":"https:\/\/api.w.org\/{rel}","templated":true}]}}