{"id":8262,"date":"2011-02-08T07:33:04","date_gmt":"2011-02-08T10:33:04","guid":{"rendered":"http:\/\/www.r2cpress.com.br\/v1\/?p=8262"},"modified":"2011-02-08T13:09:56","modified_gmt":"2011-02-08T16:09:56","slug":"blog-esad-assuntos-juridicos","status":"publish","type":"post","link":"https:\/\/www.r2cpress.com.br\/v1\/2011\/02\/08\/blog-esad-assuntos-juridicos\/","title":{"rendered":"Blog ESAD &#8211; Assuntos Jur\u00eddicos"},"content":{"rendered":"<p>De: Deusdete Machado de Sena Filho <deusdetesena @uol.com.br><br \/>\nAssunto: <strong>Blog ESAD &#8211; Assuntos Jur\u00eddicos<br \/>\n<\/strong><br \/>\nCorpo da mensagem:<\/p>\n<p>Prezados advogados,<\/p>\n<p>\u00c9 com imensa honra que n\u00f3s da Diretoria da Escola Superior de Advocacia Amilton Ign\u00e1cio Castro e da OAB &#8211; Subse\u00e7\u00e3o de Ilh\u00e9us, apresentamos este <a href = \"http:\/\/esadilheus.blogspot.com\/\" target = \"_news\"><b>Blog Jur\u00eddico<\/b><\/a> para voc\u00ea. Nossa inten\u00e7\u00e3o \u00e9 manter um canal de di\u00e1logo com informa\u00e7\u00e3o sobre as atividades que estamos desenvolvendo, al\u00e9m de oportunizar um espa\u00e7o para publica\u00e7\u00e3o das suas pesquisas, seus artigos e sugest\u00f5es. Esperamos com isso, estar contribuindo para o aprimoramento da justi\u00e7a e para o aperfei\u00e7oamento do estado democr\u00e1tico de direito, onde o advogado tem papel primordial.<\/p>\n<p>Esperamos o seu apoio e a sua colabora\u00e7\u00e3o.<\/p>\n<p>Vinicius Briglia Pinto<br \/>\nDiretor da Escola Superior de Advocacia de Ilh\u00e9us-BA<\/p>\n<p>Deusdete Machado de Sena Filho<br \/>\nPresidente da OAB &#8211; Subse\u00e7\u00e3o de Ilh\u00e9us<\/p>\n<p>&#8212;<br \/>\nEsta mensagem foi enviada atrav\u00e9s do formul\u00e1rio de contato do site R2CPRESS | A Letra Fria da Verdade http:\/\/www.r2cpress.com.br\/v1<\/deusdetesena><\/p>\n","protected":false},"excerpt":{"rendered":"<p>De: Deusdete Machado de Sena Filho Assunto: Blog ESAD &#8211; Assuntos Jur\u00eddicos Corpo da mensagem: Prezados advogados, \u00c9 com imensa honra que n\u00f3s da Diretoria da Escola Superior de Advocacia Amilton Ign\u00e1cio Castro e da OAB &#8211; Subse\u00e7\u00e3o de Ilh\u00e9us, apresentamos este Blog Jur\u00eddico para voc\u00ea. Nossa inten\u00e7\u00e3o \u00e9 manter um canal de di\u00e1logo com [&hellip;]<\/p>\n","protected":false},"author":2,"featured_media":0,"comment_status":"open","ping_status":"open","sticky":false,"template":"","format":"standard","meta":{"_links_to":"","_links_to_target":""},"categories":[10],"tags":[],"_links":{"self":[{"href":"https:\/\/www.r2cpress.com.br\/v1\/wp-json\/wp\/v2\/posts\/8262"}],"collection":[{"href":"https:\/\/www.r2cpress.com.br\/v1\/wp-json\/wp\/v2\/posts"}],"about":[{"href":"https:\/\/www.r2cpress.com.br\/v1\/wp-json\/wp\/v2\/types\/post"}],"author":[{"embeddable":true,"href":"https:\/\/www.r2cpress.com.br\/v1\/wp-json\/wp\/v2\/users\/2"}],"replies":[{"embeddable":true,"href":"https:\/\/www.r2cpress.com.br\/v1\/wp-json\/wp\/v2\/comments?post=8262"}],"version-history":[{"count":3,"href":"https:\/\/www.r2cpress.com.br\/v1\/wp-json\/wp\/v2\/posts\/8262\/revisions"}],"predecessor-version":[{"id":8276,"href":"https:\/\/www.r2cpress.com.br\/v1\/wp-json\/wp\/v2\/posts\/8262\/revisions\/8276"}],"wp:attachment":[{"href":"https:\/\/www.r2cpress.com.br\/v1\/wp-json\/wp\/v2\/media?parent=8262"}],"wp:term":[{"taxonomy":"category","embeddable":true,"href":"https:\/\/www.r2cpress.com.br\/v1\/wp-json\/wp\/v2\/categories?post=8262"},{"taxonomy":"post_tag","embeddable":true,"href":"https:\/\/www.r2cpress.com.br\/v1\/wp-json\/wp\/v2\/tags?post=8262"}],"curies":[{"name":"wp","href":"https:\/\/api.w.org\/{rel}","templated":true}]}}