{"id":82628,"date":"2014-05-30T14:14:39","date_gmt":"2014-05-30T17:14:39","guid":{"rendered":"http:\/\/www.r2cpress.com.br\/v1\/?p=82628"},"modified":"2014-05-30T14:14:39","modified_gmt":"2014-05-30T17:14:39","slug":"novos-diretores-do-sindicato-dos-radialistas-de-ilheus-tomam-posse","status":"publish","type":"post","link":"https:\/\/www.r2cpress.com.br\/v1\/2014\/05\/30\/novos-diretores-do-sindicato-dos-radialistas-de-ilheus-tomam-posse\/","title":{"rendered":"Novos diretores do Sindicato dos Radialistas de Ilh\u00e9us tomam posse"},"content":{"rendered":"<p>Na \u00faltima 4\u00aa feira, 28, foi empossada a nova diretoria do Sindicato dos Radialistas de Ilh\u00e9us (STERT-I). A solenidade aconteceu no Sal\u00e3o Nobre da Associa\u00e7\u00e3o Comercial de Ilh\u00e9us.<\/p>\n<p>Estiverem presentes muitos amigos e parceiros da entidade para parabenizar o presidente reeleito Elias Reis e todos os seus diretores, al\u00e9m de lideran\u00e7as sindicais, Presidente da For\u00e7a Sindical\/Bahia, representantes do executivo e legislativo municipal, Radialistas e ouvintes ass\u00edduos de r\u00e1dios da nossa cidade.<\/p>\n<p>Segundo o Vice-presidente do STERT, Brito Jr, a renova\u00e7\u00e3o do mandato de Elias Reis, \u00e9 uma demonstra\u00e7\u00e3o de que o Sindicato tem trilhado pelo caminho certo, por isso, tem o apoio da grande maioria dos companheiros radialistas, que observaram avan\u00e7os significativos em rela\u00e7\u00e3o aos seus direitos, inclusive no tocante a a\u00e7\u00f5es na Justi\u00e7a do Trabalho, afirmou.<\/p>\n<p>A nova diretoria contou com algumas mudan\u00e7as na sua forma\u00e7\u00e3o em rela\u00e7\u00e3o ao mandato anterior. Segundo o Sec. Geral Dino Rocha \u201cforam necess\u00e1rias algumas altera\u00e7\u00f5es, pois, precis\u00e1vamos dar um novo f\u00f4lego \u00e0s nossas atividades sindicais, e tamb\u00e9m colocar novos colegas para que estes pudessem adquirir conhecimentos, principalmente na \u00e1rea trabalhista\u201d, pontuou.<\/p>\n<p>Nova diretoria eleita: Diretoria Executiva: Elias Reis, presidente; Brito Junior, vice-presidente; Dino Rocha, secret\u00e1rio geral; Marcelo Alves, diretor de eventos; D\u00e9o Filho, diretor de forma\u00e7\u00e3o Sindical; Nerildo Cal\u00f3, diretor financeiro; Raimundo Alencar, diretor de comunica\u00e7\u00e3o. Suplentes: Toni Matiolli; Jorge Castro; Celso Nascimento e Jeremias Santos. Conselho Fiscal: Pedro Oliveira; Ricardo Magalh\u00e3es e Jota Carlos. Suplentes: S\u00e9rgio Macedo; Edilson Guimar\u00e3es e Val\u00e9ria Victal.<\/p>\n<p><strong><em>Raimundo Alencar, diretor de comunica\u00e7\u00e3o.<\/em><\/strong><\/p>\n","protected":false},"excerpt":{"rendered":"<p>Na \u00faltima 4\u00aa feira, 28, foi empossada a nova diretoria do Sindicato dos Radialistas de Ilh\u00e9us (STERT-I). A solenidade aconteceu no Sal\u00e3o Nobre da Associa\u00e7\u00e3o Comercial de Ilh\u00e9us. Estiverem presentes muitos amigos e parceiros da entidade para parabenizar o presidente reeleito Elias Reis e todos os seus diretores, al\u00e9m de lideran\u00e7as sindicais, Presidente da For\u00e7a [&hellip;]<\/p>\n","protected":false},"author":2,"featured_media":0,"comment_status":"open","ping_status":"open","sticky":false,"template":"","format":"standard","meta":{"_links_to":"","_links_to_target":""},"categories":[28],"tags":[],"_links":{"self":[{"href":"https:\/\/www.r2cpress.com.br\/v1\/wp-json\/wp\/v2\/posts\/82628"}],"collection":[{"href":"https:\/\/www.r2cpress.com.br\/v1\/wp-json\/wp\/v2\/posts"}],"about":[{"href":"https:\/\/www.r2cpress.com.br\/v1\/wp-json\/wp\/v2\/types\/post"}],"author":[{"embeddable":true,"href":"https:\/\/www.r2cpress.com.br\/v1\/wp-json\/wp\/v2\/users\/2"}],"replies":[{"embeddable":true,"href":"https:\/\/www.r2cpress.com.br\/v1\/wp-json\/wp\/v2\/comments?post=82628"}],"version-history":[{"count":1,"href":"https:\/\/www.r2cpress.com.br\/v1\/wp-json\/wp\/v2\/posts\/82628\/revisions"}],"predecessor-version":[{"id":82629,"href":"https:\/\/www.r2cpress.com.br\/v1\/wp-json\/wp\/v2\/posts\/82628\/revisions\/82629"}],"wp:attachment":[{"href":"https:\/\/www.r2cpress.com.br\/v1\/wp-json\/wp\/v2\/media?parent=82628"}],"wp:term":[{"taxonomy":"category","embeddable":true,"href":"https:\/\/www.r2cpress.com.br\/v1\/wp-json\/wp\/v2\/categories?post=82628"},{"taxonomy":"post_tag","embeddable":true,"href":"https:\/\/www.r2cpress.com.br\/v1\/wp-json\/wp\/v2\/tags?post=82628"}],"curies":[{"name":"wp","href":"https:\/\/api.w.org\/{rel}","templated":true}]}}