{"id":8283,"date":"2011-02-08T14:57:30","date_gmt":"2011-02-08T17:57:30","guid":{"rendered":"http:\/\/www.r2cpress.com.br\/v1\/?p=8283"},"modified":"2011-02-08T14:57:30","modified_gmt":"2011-02-08T17:57:30","slug":"prefeitura-municipal-de-ilheus-68","status":"publish","type":"post","link":"https:\/\/www.r2cpress.com.br\/v1\/2011\/02\/08\/prefeitura-municipal-de-ilheus-68\/","title":{"rendered":"Prefeitura Municipal de Ilh\u00e9us"},"content":{"rendered":"<p><div id=\"attachment_8284\" style=\"width: 310px\" class=\"wp-caption alignnone\"><a href=\"http:\/\/www.r2cpress.com.br\/v1\/wp-content\/uploads\/PMI-08-02-2011.jpg\"><img aria-describedby=\"caption-attachment-8284\" loading=\"lazy\" src=\"http:\/\/www.r2cpress.com.br\/v1\/wp-content\/uploads\/PMI-08-02-2011-300x287.jpg\" alt=\"\" title=\"PMI 08 02 2011\" width=\"300\" height=\"287\" class=\"size-medium wp-image-8284\" srcset=\"https:\/\/www.r2cpress.com.br\/v1\/wp-content\/uploads\/PMI-08-02-2011-300x287.jpg 300w, https:\/\/www.r2cpress.com.br\/v1\/wp-content\/uploads\/PMI-08-02-2011.jpg 750w\" sizes=\"(max-width: 300px) 100vw, 300px\" \/><\/a><p id=\"caption-attachment-8284\" class=\"wp-caption-text\">A\u00c7\u00d5ES DA PREFEITURA DE ILH\u00c9US.<\/p><\/div><br \/>\nPrefeito de Ilh\u00e9us elogia iniciativa de Bamin e Senai<br \/>\nIniciada a obra de reforma da passarela do S\u00e3o Miguel<br \/>\nXIV Regata Salvador Ilh\u00e9us ser\u00e1  realizada nos dias 18, 19 e 20 deste m\u00eas<br \/>\nLitoral norte de Ilh\u00e9us ter\u00e1 tarde de pr\u00e1tica esportiva e educativa<br \/>\nCresce procura pelo N\u00facleo de  Treinamentos de Esportes Paraol\u00edmpicos<\/p>\n<p><!--more--><\/p>\n<p>***<\/p>\n<p><strong>Prefeito de Ilh\u00e9us elogia iniciativa de Bamin e Senai<\/strong><\/p>\n<p>Ao participar na manh\u00e3 desta ter\u00e7a-feira (8), do lan\u00e7amento do Programa Mina de Talentos, promovido pela Bahia Minera\u00e7\u00e3o (Bamin) e do Servi\u00e7o Nacional de Aprendizagem Industrial (Senai), o prefeito de Ilh\u00e9us, Newton Lima, disse que a regi\u00e3o vive um momento \u00edmpar para o seu desenvolvimento. O evento foi realizado no Teatro Municipal de Ilh\u00e9us e contou com a presen\u00e7a dos diversos parceiros, entre eles o secret\u00e1rio extraordin\u00e1rio da Ind\u00fastria Naval e Portu\u00e1ria, Carlos Costa, representando o governador Jaques Wagner.<\/p>\n<p>Newton Lima parabenizou o vice-presidente da Bamin, Cl\u00f3vis Torres, pela aglutina\u00e7\u00e3o de institui\u00e7\u00f5es p\u00fablicas e privadas em torno de um amplo programa de forma\u00e7\u00e3o de profissionais em diversas habilidades e compet\u00eancias. Segundo o prefeito, a iniciativa mostra que a empresas est\u00e1 consciente de sua responsabilidade, ao priorizar a participa\u00e7\u00e3o nos cursos de moradores das cidades localizadas no entorno do empreendimento.<\/p>\n<p>Para o prefeito de Ilh\u00e9us, esse \u00e9 um novo ciclo de desenvolvimento regional, no qual as cidades podem crescer e evoluir dentro de par\u00e2metros previamente planejados, possibilitando a participa\u00e7\u00e3o de todos os setores na gera\u00e7\u00e3o de emprego e renda. \u201cEsse evento de hoje nada mais \u00e9 do que a transforma\u00e7\u00e3o de um projeto, um sonho, em realidade. Com isso, ganha n\u00e3o s\u00f3 Ilh\u00e9us para todas as cidades da regi\u00e3o\u201d, comemorou Newton Lima.<\/p>\n<p><strong>Iniciada a obra de reforma da passarela do S\u00e3o Miguel<\/strong><\/p>\n<p>Com recursos oriundos da arrecada\u00e7\u00e3o do Imposto Predial e Territorial Urbano (IPTU), a Prefeitura de Ilh\u00e9us, atrav\u00e9s da Secretaria de Infraestrutura, iniciou na semana passada a obra de reforma da passarela do S\u00e3o Miguel. De acordo com o secret\u00e1rio municipal de Infraestrutura, Marconi Queiroz, al\u00e9m do conserto dos guarda-corpos, o trabalho tamb\u00e9m promove a recupera\u00e7\u00e3o da pavimenta\u00e7\u00e3o e do sistema de ilumina\u00e7\u00e3o.<\/p>\n<p>\u201cEsta \u00e9 mais uma reivindica\u00e7\u00e3o da comunidade que o prefeito Newton Lima, apesar de todas as dificuldades do munic\u00edpio, est\u00e1 atendendo. A proposta do governo, utilizando da melhor forma poss\u00edvel os recursos gerados pela arrecada\u00e7\u00e3o do IPTU, \u00e9 promover outras interven\u00e7\u00f5es t\u00e3o importantes quanto a reforma da passarela do S\u00e3o Miguel\u201d, conclui.<\/p>\n<p>Outra obra viabilizada pelos recursos do IPTU \u00e9 a reposi\u00e7\u00e3o de pedras portuguesas em diversos locais de Ilh\u00e9us. Ainda segundo Marconi Queiroz, numa primeira etapa, o trabalho beneficiar\u00e1 a avenida Soares Lopes, a avenida Dois de Julho e a rua Lindolfo Collor, localizada no bairro do Malhado. \u201cA reposi\u00e7\u00e3o de pedras portuguesas \u00e9 um trabalho fundamental para garantir a seguran\u00e7a dos pedestres e tamb\u00e9m para fortalecer o turismo, uma vez que, inegavelmente, deixa a cidade mais bonita\u201d, diz.<\/p>\n<p>IPTU \u2013 Prossegue at\u00e9 o dia 18 deste m\u00eas a campanha do Imposto Predial e Territorial Urbano (IPTU) com desconto de 15% para pagamento em cota \u00fanica. O desconto incide apenas sobre o valor do imposto e n\u00e3o sobre o valor da Taxa de Servi\u00e7o Urbano (TSU). Boa parte dos contribuintes j\u00e1 recebeu seus carn\u00eas, j\u00e1 que a Prefeitura iniciou a distribui\u00e7\u00e3o dos boletos em janeiro. Os contribuintes que ainda n\u00e3o receberam seus carn\u00eas em casa podem retir\u00e1-los no setor tribut\u00e1rio, localizado no andar t\u00e9rreo do       Pal\u00e1cio Paranagu\u00e1, localizado no Centro de Ilh\u00e9us, das 12 \u00e0s 18 horas.<\/p>\n<p>O secret\u00e1rio municipal da Fazenda, Jorge Bahia, lembra que a retirada do boleto tamb\u00e9m pode ser feita pela internet, atrav\u00e9s de um link espec\u00edfico dispon\u00edvel na p\u00e1gina da Prefeitura de Ilh\u00e9us: www.ilheus.ba.gov.br. Al\u00e9m da emiss\u00e3o do IPTU, a supervis\u00e3o tribut\u00e1ria tamb\u00e9m \u00e9 respons\u00e1vel pela emiss\u00e3o do alvar\u00e1 de funcionamento de empresas, Imposto sobre Servi\u00e7os e outras taxas. O pagamento do tributo com o desconto pode ser efetuado em qualquer ag\u00eancia banc\u00e1ria ou casa lot\u00e9rica, sendo que, ap\u00f3s                o prazo, o contribuinte s\u00f3 ter\u00e1 direito ao parcelamento em at\u00e9 nove vezes. <\/p>\n<p><strong>XIV Regata Salvador Ilh\u00e9us ser\u00e1  realizada nos dias 18, 19 e 20 deste m\u00eas<\/strong><\/p>\n<p>Nos dias 18, 19 e 20 deste m\u00eas, como parte do calend\u00e1rio de eventos do munic\u00edpio, ser\u00e1 realizada a XIV Regata Salvador Ilh\u00e9us, uma das mais tradicionais competi\u00e7\u00f5es n\u00e1uticas do estado. De acordo com o coordenador da regata e diretor de Vela do Ilh\u00e9us Iate Clube, Marcelo Tavares, o evento conta com o apoio do Aratu Iate Clube, Federa\u00e7\u00e3o dos Esportes N\u00e1uticos do Estado da Bahia (Feneb) e Capitania dos Portos. Al\u00e9m de integrar velejadores das duas cidades litor\u00e2neas, a prova tamb\u00e9m servir\u00e1 para consolidar o munic\u00edpio de Ilh\u00e9us como uma importante alternativa para velejadores que navegam na costa baiana, fortalecendo o turismo esportivo da regi\u00e3o.<\/p>\n<p>Considerada a \u00fanica regata oce\u00e2nica de longo percurso do Estado, a XIV Regata Salvador Ilh\u00e9us passa a ter este ano um calend\u00e1rio que inclui desde iniciativas de incentivo \u00e0 pr\u00e1tica do esporte n\u00e1utico na ba\u00eda do Pontal at\u00e9 a realiza\u00e7\u00e3o de shows musicais. A agenda de apresenta\u00e7\u00f5es de 2011 traz a Ilh\u00e9us a paulistana Maria Gadu e o baiano Jau. Eles se apresentam na Concha Ac\u00fastica da avenida Soares Lopes, no dia 19 de fevereiro, com uma mistura de ritmos que mescla divers\u00e3o, agito e romantismo. <\/p>\n<p>De acordo com o calend\u00e1rio elaborado pela organiza\u00e7\u00e3o do evento, a competi\u00e7\u00e3o ter\u00e1 in\u00edcio \u00e0s 13 horas do dia 18 de fevereiro, com sa\u00edda da base do Iate Clube da Bahia, em Salvador. A chegada dever\u00e1 ocorrer em Ilh\u00e9us, a partir das 5 horas do dia seguinte, no Ilh\u00e9us Iate Clube. Neste mesmo dia, est\u00e1 prevista uma feijoada com a presen\u00e7a dos participantes, autoridades e imprensa regionais, seguida da premia\u00e7\u00e3o. No domingo (20), uma s\u00e9rie de apresenta\u00e7\u00f5es de esportes n\u00e1uticos, abertas ao p\u00fablico, acontecer\u00e1 na ba\u00eda do Pontal, um dos cart\u00f5es-postais mais belos de Ilh\u00e9us.<\/p>\n<p>Depois da Regata Salvador Ilh\u00e9us, disputada por velejadores das duas cidades, o vice-campe\u00e3o mundial de Jet Ski, Bruno Jacob, far\u00e1 uma apresenta\u00e7\u00e3o na ba\u00eda do Pontal. Os objetivos, segundo os organizadores, s\u00e3o incentivar a pr\u00e1tica de atividades n\u00e1uticas em Ilh\u00e9us e mostrar a potencialidade da ba\u00eda para a pr\u00e1tica esportiva. Considerado um dos mais talentosos pilotos de Jet Ski da atualidade, o baiano Bruno Jacob, de 23 anos, promete uma apresenta\u00e7\u00e3o recheada de manobras radicais.<\/p>\n<p>Calend\u00e1rio \u2013 Est\u00e1 prevista para o pr\u00f3ximo m\u00eas de mar\u00e7o a realiza\u00e7\u00e3o do Carnaval, principal evento de massa do calend\u00e1rio de festas populares do munic\u00edpio. No m\u00eas de abril, a programa\u00e7\u00e3o prossegue com o Festival de Guaiamum de Juerana, enquanto que, para o m\u00eas de junho, o calend\u00e1rio reserva dois grandes eventos: Campeonato Brasileiro de Triathlon e o tradicional S\u00e3o Jo\u00e3o. Concluindo, a programa\u00e7\u00e3o de eventos contempla o Festival do Camar\u00e3o, em julho; o Festival da Primavera, em setembro; o Festival       do Chocolate, em outubro; e, saudando o ano de 2012, o Reveillon, em dezembro.<\/p>\n<p><strong>\tLitoral norte de Ilh\u00e9us ter\u00e1 tarde de pr\u00e1tica esportiva e educativa<\/strong><\/p>\n<p>O litoral norte de Ilh\u00e9us ter\u00e1 todo o final de semana deste m\u00eas e tamb\u00e9m em mar\u00e7o (5 e 6), tardes voltadas para a pr\u00e1tica esportiva e educativa, al\u00e9m de a\u00e7\u00f5es para mostrar a import\u00e2ncia do manuseio correto do lixo dom\u00e9stico e comercial. A iniciativa ter\u00e1 como ponto de partida a localidade de Ponta da Tulha, com o envolvimento da comunidade. Denominada de \u201cArena esportiva\u201d, o evento \u00e9 patrocinado pela Bahia Minera\u00e7\u00e3o, TV Santa Cruz, FM Bahia, dentre outras empresas regionais. O apoio \u00e9 da Prefeitura de Ilh\u00e9us, atrav\u00e9s da Superintend\u00eancia de Esportes e Secretaria de Turismo. A inscri\u00e7\u00e3o \u00e9 gratuita e ser\u00e1 feita no local.<\/p>\n<p>Andr\u00e9 Carvalho, idealizador do projeto \u2013 p\u00f3s-graduando em administra\u00e7\u00e3o e marketing esportivo, pela Universidade Gama Filho \u2013, disse que a cada final de semana a coordena\u00e7\u00e3o sorteia uma localidade de Ilh\u00e9us para sediar a \u201cArena esportiva\u201d. Uma das propostas \u00e9 interagir com os moradores e ao mesmo tempo participar de a\u00e7\u00f5es de educa\u00e7\u00e3o ambiental. A inten\u00e7\u00e3o \u00e9 conscientizar a popula\u00e7\u00e3o para a import\u00e2ncia de manter sempre limpos os locais onde cada pessoa mora, trabalha e estuda.  <\/p>\n<p>Nos dias 12 e 13 a comunidade de Ponta da Tulha e J\u00f3ia do Atl\u00e2ntico ir\u00e1 participar de diversas atividades esportivas e recreativas, al\u00e9m de participar de mutir\u00e3o de limpeza nas praias. Andr\u00e9 Carvalho ressalta que \u201catrav\u00e9s de ampla divulga\u00e7\u00e3o mobilizaremos previamente os moradores das localidades onde iremos sediar a \u2018Arena esportiva\u2019. Com a ajuda de volunt\u00e1rios vamos alertar para a import\u00e2ncia do destino certo ao lixo e conscientizar a popula\u00e7\u00e3o a n\u00e3o jogar res\u00edduos s\u00f3lidos no meio ambiente\u201d.<\/p>\n<p><strong>Cresce procura pelo N\u00facleo de  Treinamentos de Esportes Paraol\u00edmpicos<\/strong><\/p>\n<p>Todas as ter\u00e7as e quintas-feiras, sempre das 13h30min \u00e0s 17h30min, o gin\u00e1sio de esportes Herval Soledade sedia o N\u00facleo de Treinamentos de Esportes Paraol\u00edmpicos, que vem ajudando a revelar talentos nas modalidades de goaball, basquete e handebol em cadeira de rodas e futsal (para cegos). Al\u00e9m de promover a inclus\u00e3o atrav\u00e9s do esporte e trazer mais qualidade de vida, a iniciativa tem o objetivo de desenvolver na cidade atividades que venham fomentar a for\u00e7a brasileira na Paraolimp\u00edada que acontece em 2016, ap\u00f3s a olimp\u00edada no Rio de Janeiro. Qualquer pessoa com defici\u00eancia maior de 14 anos pode participar.<\/p>\n<p>Pessoas portadoras de defici\u00eancia tamb\u00e9m podem participar da modalidade atletismo, cujos treinos acontecem todas as sextas-feiras, das 14 \u00e0s 17h30min e na sede do 2\u00ba Batalh\u00e3o de Pol\u00edcia Militar de Ilh\u00e9us, todas as segundas e sextas-feiras, onde acontecem treinos com goaball e bocha. O projeto \u00e9 desenvolvido pelo Departamento de Ci\u00eancias da Sa\u00fade e com parceria da Superintend\u00eancia de Esportes de Ilh\u00e9us e da Secretaria de Turismo. Inscri\u00e7\u00e3o e informa\u00e7\u00f5es adicionais podem ser obtidas por meio dos telefones (73) 3680-5168, pelo e-mail: inscricaopibid@gmail.com e no gin\u00e1sio de esportes, no turno vespertino, com os professores Josenilton ou Judson. <\/p>\n<p>As atividades s\u00e3o monitoradas pelos professores M\u00e1rcia Morel (do N\u00facleo Paraol\u00edmpico), Joslei Viana (presidente do colegiado de Educa\u00e7\u00e3o F\u00edsica e da Sociedade Brasileira de Atividade Motora Adaptada-Sobama) e Alberto Kruschewsky (superintendente de Esportes de Ilh\u00e9us e professor na Uesc) e tem atra\u00eddo um n\u00famero maior de participantes, a cada semana. \u201cA procura tem sido grande e por isso o munic\u00edpio tentar viabilizar novas parcerias para que mais cadeiras adaptadas sejam disponibilizadas\u201d. A Uesc disponibilizou cadeiras de rodas pr\u00f3prias para a disputa do basquete paraol\u00edmpico e a empresa de transportes S\u00e3o Miguel realiza o translado das cadeiras todas \u00e0s ter\u00e7as e quintas at\u00e9 o gin\u00e1sio.  <\/p>\n<p>Visando 2016 &#8211; Segundo Alberto Kruschewsky, trata-se de uma primeira iniciativa no interior do Brasil que visa as Olimp\u00edadas Paraol\u00edmpicas de 2016. \u201cSendo assim, ela n\u00e3o deve ficar restrita aos atletas. Ser\u00e3o disponibilizadas capacita\u00e7\u00f5es para \u00e1rbitros e outros profissionais imprescind\u00edveis \u00e0 realiza\u00e7\u00e3o dos jogos\u201d. Outro objetivo do projeto \u00e9 levar a iniciativa at\u00e9 as escolas, fazendo com que alunos da rede p\u00fablica, maiores de 14 anos, portadores de algum tipo de defici\u00eancia e que estejam aptos para realizar alguma das modalidades paraol\u00edmpicas oferecidas, tenham acesso a pr\u00e1tica de esportes. <\/p>\n","protected":false},"excerpt":{"rendered":"<p>Prefeito de Ilh\u00e9us elogia iniciativa de Bamin e Senai Iniciada a obra de reforma da passarela do S\u00e3o Miguel XIV Regata Salvador Ilh\u00e9us ser\u00e1 realizada nos dias 18, 19 e 20 deste m\u00eas Litoral norte de Ilh\u00e9us ter\u00e1 tarde de pr\u00e1tica esportiva e educativa Cresce procura pelo N\u00facleo de Treinamentos de Esportes Paraol\u00edmpicos<\/p>\n","protected":false},"author":2,"featured_media":0,"comment_status":"open","ping_status":"open","sticky":false,"template":"","format":"standard","meta":{"_links_to":"","_links_to_target":""},"categories":[23],"tags":[],"_links":{"self":[{"href":"https:\/\/www.r2cpress.com.br\/v1\/wp-json\/wp\/v2\/posts\/8283"}],"collection":[{"href":"https:\/\/www.r2cpress.com.br\/v1\/wp-json\/wp\/v2\/posts"}],"about":[{"href":"https:\/\/www.r2cpress.com.br\/v1\/wp-json\/wp\/v2\/types\/post"}],"author":[{"embeddable":true,"href":"https:\/\/www.r2cpress.com.br\/v1\/wp-json\/wp\/v2\/users\/2"}],"replies":[{"embeddable":true,"href":"https:\/\/www.r2cpress.com.br\/v1\/wp-json\/wp\/v2\/comments?post=8283"}],"version-history":[{"count":2,"href":"https:\/\/www.r2cpress.com.br\/v1\/wp-json\/wp\/v2\/posts\/8283\/revisions"}],"predecessor-version":[{"id":8286,"href":"https:\/\/www.r2cpress.com.br\/v1\/wp-json\/wp\/v2\/posts\/8283\/revisions\/8286"}],"wp:attachment":[{"href":"https:\/\/www.r2cpress.com.br\/v1\/wp-json\/wp\/v2\/media?parent=8283"}],"wp:term":[{"taxonomy":"category","embeddable":true,"href":"https:\/\/www.r2cpress.com.br\/v1\/wp-json\/wp\/v2\/categories?post=8283"},{"taxonomy":"post_tag","embeddable":true,"href":"https:\/\/www.r2cpress.com.br\/v1\/wp-json\/wp\/v2\/tags?post=8283"}],"curies":[{"name":"wp","href":"https:\/\/api.w.org\/{rel}","templated":true}]}}