{"id":831,"date":"2010-10-26T21:38:48","date_gmt":"2010-10-27T00:38:48","guid":{"rendered":"http:\/\/www.r2cpress.com.br\/v1\/?p=831"},"modified":"2010-10-26T21:38:48","modified_gmt":"2010-10-27T00:38:48","slug":"infoilheus-superou-as-expectativas","status":"publish","type":"post","link":"https:\/\/www.r2cpress.com.br\/v1\/2010\/10\/26\/infoilheus-superou-as-expectativas\/","title":{"rendered":"INFOILHEUS SUPEROU AS EXPECTATIVAS"},"content":{"rendered":"<div id=\"attachment_832\" style=\"width: 310px\" class=\"wp-caption alignleft\"><a href=\"http:\/\/www.r2cpress.com.br\/v1\/wp-content\/uploads\/infoilh\u00e9us-2010-final.jpg\"><img aria-describedby=\"caption-attachment-832\" loading=\"lazy\" src=\"http:\/\/www.r2cpress.com.br\/v1\/wp-content\/uploads\/infoilh\u00e9us-2010-final-300x218.jpg\" alt=\"\" title=\"infoilh\u00e9us 2010 final\" width=\"300\" height=\"218\" class=\"size-medium wp-image-832\" srcset=\"https:\/\/www.r2cpress.com.br\/v1\/wp-content\/uploads\/infoilh\u00e9us-2010-final-300x218.jpg 300w, https:\/\/www.r2cpress.com.br\/v1\/wp-content\/uploads\/infoilh\u00e9us-2010-final.jpg 689w\" sizes=\"(max-width: 300px) 100vw, 300px\" \/><\/a><p id=\"caption-attachment-832\" class=\"wp-caption-text\">Fotos_Designer<\/p><\/div>\n<p>      Realizada de 20 a 23 de outubro, no centro de conven\u00e7\u00f5es de Ilh\u00e9us, a INFOILHEUS 5.0 \u2013 Feira de Inform\u00e1tica e Tecnologia &#8211; superou todas as expectativas de planejamento do evento. \u201cAl\u00e9m de atendermos a todos os requisitos que os nossos participantes nos cobravam, atingimos tamb\u00e9m todos os objetivos. E ainda encerramos a exposi\u00e7\u00e3o com a presen\u00e7a do governador da Bahia, Jaques Wagner, que veio garantir apoio \u00e0 nossa luta pelo fortalecimento do P\u00f3lo de Inform\u00e1tica de Ilh\u00e9us\u201d, avalia o presidente do Sindicato das Ind\u00fastrias do P\u00f3lo de Inform\u00e1tica (Sinec), Gentil Pires.<br \/>\n<!--more--><\/p>\n<p>     Segundo o presidente do Sinec, entidade promotora da INFOILHEUS, a edi\u00e7\u00e3o deste ano bateu todos os recordes. \u201cTivemos um movimento de neg\u00f3cios em torno de 120 milh\u00f5es de reais. Calcula-se que tenha sido negociado diretamente com os consumidores cerca de dois mil computadores, sendo 1.500 desktops e 500 notebooks, que consideramos bastante razo\u00e1vel\u201d, disse ele. Na opini\u00e3o de Gentil, \u201cas empresas atenderam aquilo que a nossa sociedade cobrava: um pre\u00e7o mais compat\u00edvel com o momento. Isso \u00e9 muito importante.\u201d <\/p>\n<p>    A Feira contou com 33 estandes, entre ind\u00fastrias, empresas e institui\u00e7\u00f5es do setor, e mostrou os principais produtos e servi\u00e7os das ind\u00fastrias do P\u00f3lo de Inform\u00e1tica de Ilh\u00e9us, al\u00e9m de outras nacionais e de outros pa\u00edses, que atuam direta e indiretamente no segmento, a exemplo da \u00e1rea de log\u00edstica. Este ano, foi promovido um \u201cfeir\u00e3o\u201d de produtos de inform\u00e1tica no s\u00e1bado, \u00faltimo dia 23, do evento, com descontos nos pre\u00e7os de equipamentos e acess\u00f3rios.<\/p>\n<p>   Novidades \u2013 Outro diferencial foi que grande parte dos expositores mostraram as mais recentes novidades de suas ind\u00fastrias. A Unicoba, por exemplo, trouxe GPS com TV Digital, GPS apontador Slim Way TV e uma lumin\u00e1ria Led, sens\u00edvel ao toque, entre outros produtos. A Home Tech, importador oficial das marcas Pixxo e Dr. Hank, mostrou gabinetes, na linha game case, teclados com tampa, black piano, e media player, na vers\u00e3o prata, preto e vermelho. Instalada h\u00e1 10 anos com f\u00e1brica no P\u00f3lo de Inform\u00e1tica de Ilh\u00e9us, a Kodo apresentou as sofisticadas c\u00e2meras de seguran\u00e7a com IP convencional e tecnologia megapixel, destinadas ao monitoramento de shopping centers, rodovias, redes de supermercados, aeroportos, est\u00e1dios de futebol, hot\u00e9is, com\u00e9rcio de cidades, entre outros.  <\/p>\n<p>   A Positivo Inform\u00e1tica, embora n\u00e3o tenha efetuado vendas, patrocinou a Feira e apresentou a nov\u00edssima linha de computadores da marca, que \u00e9 l\u00edder de vendas no Pa\u00eds. A AMD \u2013 que tamb\u00e9m patrocinou o evento &#8211; trouxe um processador com quatro n\u00facleos, de \u00faltima gera\u00e7\u00e3o. A Digitron, que est\u00e1 implantando a maior f\u00e1brica de placa-m\u00e3e do Brasil, tamb\u00e9m estava na INFOILHEUS.<\/p>\n<p>     Por outro lado, a Varejo do Brasil, que \u00e9 um projeto da BitWay, apresentou o Cape 7, menor CPU do mundo, com 2 giga de mem\u00f3ria e HD 320 GB, e suporte para qualquer monitor de LED. Segundo informa\u00e7\u00f5es da gerente comercial, Aymone Badar\u00f3, \u201deste foi o ano que mais fizemos neg\u00f3cios na Infoilheus. No primeiro dia da feira, por exemplo, n\u00f3s vendemos muito mais do que nas feiras anteriores\u201d. <\/p>\n","protected":false},"excerpt":{"rendered":"<p>Realizada de 20 a 23 de outubro, no centro de conven\u00e7\u00f5es de Ilh\u00e9us, a INFOILHEUS 5.0 \u2013 Feira de Inform\u00e1tica e Tecnologia &#8211; superou todas as expectativas de planejamento do evento. \u201cAl\u00e9m de atendermos a todos os requisitos que os nossos participantes nos cobravam, atingimos tamb\u00e9m todos os objetivos. E ainda encerramos a exposi\u00e7\u00e3o com [&hellip;]<\/p>\n","protected":false},"author":2,"featured_media":0,"comment_status":"open","ping_status":"open","sticky":false,"template":"","format":"standard","meta":{"_links_to":"","_links_to_target":""},"categories":[7],"tags":[],"_links":{"self":[{"href":"https:\/\/www.r2cpress.com.br\/v1\/wp-json\/wp\/v2\/posts\/831"}],"collection":[{"href":"https:\/\/www.r2cpress.com.br\/v1\/wp-json\/wp\/v2\/posts"}],"about":[{"href":"https:\/\/www.r2cpress.com.br\/v1\/wp-json\/wp\/v2\/types\/post"}],"author":[{"embeddable":true,"href":"https:\/\/www.r2cpress.com.br\/v1\/wp-json\/wp\/v2\/users\/2"}],"replies":[{"embeddable":true,"href":"https:\/\/www.r2cpress.com.br\/v1\/wp-json\/wp\/v2\/comments?post=831"}],"version-history":[{"count":2,"href":"https:\/\/www.r2cpress.com.br\/v1\/wp-json\/wp\/v2\/posts\/831\/revisions"}],"predecessor-version":[{"id":834,"href":"https:\/\/www.r2cpress.com.br\/v1\/wp-json\/wp\/v2\/posts\/831\/revisions\/834"}],"wp:attachment":[{"href":"https:\/\/www.r2cpress.com.br\/v1\/wp-json\/wp\/v2\/media?parent=831"}],"wp:term":[{"taxonomy":"category","embeddable":true,"href":"https:\/\/www.r2cpress.com.br\/v1\/wp-json\/wp\/v2\/categories?post=831"},{"taxonomy":"post_tag","embeddable":true,"href":"https:\/\/www.r2cpress.com.br\/v1\/wp-json\/wp\/v2\/tags?post=831"}],"curies":[{"name":"wp","href":"https:\/\/api.w.org\/{rel}","templated":true}]}}