{"id":83618,"date":"2014-07-08T14:33:44","date_gmt":"2014-07-08T17:33:44","guid":{"rendered":"http:\/\/www.r2cpress.com.br\/v1\/?p=83618"},"modified":"2014-07-08T14:33:44","modified_gmt":"2014-07-08T17:33:44","slug":"no-blog-do-gusmao-9","status":"publish","type":"post","link":"https:\/\/www.r2cpress.com.br\/v1\/2014\/07\/08\/no-blog-do-gusmao-9\/","title":{"rendered":"No BLOG DO GUSM\u00c3O"},"content":{"rendered":"<h3 style=\"color: #000000;\"><span class=\"PostHeader\"><a style=\"color: #000000;\" title=\"Permanent Link to INTERNADO EM SALVADOR, ISRAEL NUNES NECESSITA DE SANGUE \u201cO POSITIVO\u201d\" href=\"http:\/\/www.blogdogusmao.com.br\/v1\/2014\/07\/08\/internado-em-salvador-israel-nunes-necessita-de-sangue-o-positivo\/\" rel=\"bookmark\">INTERNADO EM SALVADOR, ISRAEL NUNES NECESSITA DE SANGUE \u201cO POSITIVO\u201d<\/a><\/span><\/h3>\n<hr style=\"color: #000000;\" \/>\n<div style=\"color: #000000;\" align=\"right\">\n<div class=\"PostHeaderIcons metadata-icons\" style=\"color: #616161;\">8\/jul\/2014 . 13:53<\/div>\n<\/div>\n<div class=\"PostContent\" style=\"color: #000000;\">\n<div id=\"HOTWordsTxt\">\n<p><a style=\"color: #5780a3;\" href=\"http:\/\/www.blogdogusmao.com.br\/v1\/wp-content\/uploads\/Israel2.jpg\" data-slb-group=\"129241\" data-slb-active=\"1\" data-slb-internal=\"0\"><img loading=\"lazy\" class=\"size-full wp-image-129242\" src=\"http:\/\/www.blogdogusmao.com.br\/v1\/wp-content\/uploads\/Israel2.jpg\" alt=\"Israel Nunes.\" width=\"332\" height=\"225\" \/><\/a><\/p>\n<h4 style=\"color: #1a3337;\"><strong><span class=\"userContent\" data-ft=\"{&quot;tn&quot;:&quot;K&quot;}\"><span style=\"color: #000000;\">Amigos visitantes, pedimos a aten\u00e7\u00e3o de voc\u00eas.<\/span><\/span><\/strong><\/h4>\n<h4 style=\"color: #1a3337;\"><span style=\"color: #000000;\"><strong>O procurador federal Israel Nunes (grande amigo deste blog) est\u00e1 internado no Hospital S\u00e3o Rafael, em Salvador. O quadro de sa\u00fade dele \u00e9 est\u00e1vel, mas o setor de hemoterapia pede a doa\u00e7\u00e3o de sangue tipo \u201cO\u00a0<a style=\"color: #005f00;\" href=\"http:\/\/www.blogdogusmao.com.br\/v1\/2014\/07\/08\/internado-em-salvador-israel-nunes-necessita-de-sangue-o-positivo\/#\" rel=\"nofollow\">Positivo<\/a>\u201d. Quem estiver em Salvador e puder doar, se dirija ao banco de sangue localizado na Avenida S\u00e3o Rafael, 2152, bairro S\u00e3o Marcos. Pedimos que compartilhem este aviso para que chegue com for\u00e7a entre usu\u00e1rios do Facebook da capital.<\/strong><\/span><\/h4>\n<h4 style=\"color: #1a3337;\"><span style=\"color: #000000;\"><strong>Israel Nunes tem 32 anos e sofre devido a um tipo raro de cirrose hep\u00e1tica.<\/strong><\/span><\/h4>\n<\/div>\n<\/div>\n","protected":false},"excerpt":{"rendered":"<p>INTERNADO EM SALVADOR, ISRAEL NUNES NECESSITA DE SANGUE \u201cO POSITIVO\u201d 8\/jul\/2014 . 13:53 Amigos visitantes, pedimos a aten\u00e7\u00e3o de voc\u00eas. O procurador federal Israel Nunes (grande amigo deste blog) est\u00e1 internado no Hospital S\u00e3o Rafael, em Salvador. O quadro de sa\u00fade dele \u00e9 est\u00e1vel, mas o setor de hemoterapia pede a doa\u00e7\u00e3o de sangue tipo [&hellip;]<\/p>\n","protected":false},"author":2,"featured_media":0,"comment_status":"open","ping_status":"open","sticky":false,"template":"","format":"standard","meta":{"_links_to":"","_links_to_target":""},"categories":[21],"tags":[],"_links":{"self":[{"href":"https:\/\/www.r2cpress.com.br\/v1\/wp-json\/wp\/v2\/posts\/83618"}],"collection":[{"href":"https:\/\/www.r2cpress.com.br\/v1\/wp-json\/wp\/v2\/posts"}],"about":[{"href":"https:\/\/www.r2cpress.com.br\/v1\/wp-json\/wp\/v2\/types\/post"}],"author":[{"embeddable":true,"href":"https:\/\/www.r2cpress.com.br\/v1\/wp-json\/wp\/v2\/users\/2"}],"replies":[{"embeddable":true,"href":"https:\/\/www.r2cpress.com.br\/v1\/wp-json\/wp\/v2\/comments?post=83618"}],"version-history":[{"count":1,"href":"https:\/\/www.r2cpress.com.br\/v1\/wp-json\/wp\/v2\/posts\/83618\/revisions"}],"predecessor-version":[{"id":83619,"href":"https:\/\/www.r2cpress.com.br\/v1\/wp-json\/wp\/v2\/posts\/83618\/revisions\/83619"}],"wp:attachment":[{"href":"https:\/\/www.r2cpress.com.br\/v1\/wp-json\/wp\/v2\/media?parent=83618"}],"wp:term":[{"taxonomy":"category","embeddable":true,"href":"https:\/\/www.r2cpress.com.br\/v1\/wp-json\/wp\/v2\/categories?post=83618"},{"taxonomy":"post_tag","embeddable":true,"href":"https:\/\/www.r2cpress.com.br\/v1\/wp-json\/wp\/v2\/tags?post=83618"}],"curies":[{"name":"wp","href":"https:\/\/api.w.org\/{rel}","templated":true}]}}