{"id":83742,"date":"2014-07-12T01:02:51","date_gmt":"2014-07-12T04:02:51","guid":{"rendered":"http:\/\/www.r2cpress.com.br\/v1\/?p=83742"},"modified":"2014-07-12T07:30:08","modified_gmt":"2014-07-12T10:30:08","slug":"agradecemos-pela-passagem-de-gildo-por-aqui","status":"publish","type":"post","link":"https:\/\/www.r2cpress.com.br\/v1\/2014\/07\/12\/agradecemos-pela-passagem-de-gildo-por-aqui\/","title":{"rendered":"Agradecemos pela passagem de Gildo por aqui&#8230;"},"content":{"rendered":"<div id=\"attachment_83743\" style=\"width: 250px\" class=\"wp-caption alignleft\"><a href=\"http:\/\/www.r2cpress.com.br\/v1\/wp-content\/uploads\/2014\/07\/gildo-10.jpg\"><img aria-describedby=\"caption-attachment-83743\" loading=\"lazy\" class=\" wp-image-83743\" src=\"http:\/\/www.r2cpress.com.br\/v1\/wp-content\/uploads\/2014\/07\/gildo-10.jpg\" alt=\"Gildo Mario Caldas\" width=\"240\" height=\"329\" \/><\/a><p id=\"caption-attachment-83743\" class=\"wp-caption-text\">Gildo Mario Caldas<\/p><\/div>\n<p>Quando \u2018simplesmente\u2019 parte&#8230; Partiu. Quando passa e deixa um legado recheado de exemplos FICA. Essa \u00e9 a verdadeira raz\u00e3o de existir (na ess\u00eancia da palavra).<\/p>\n<p>A ordem natural da vida \u00e9: nascer, crescer\/desenvolver e morrer\/partir.\u00a0 As a\u00e7\u00f5es, espelhadas no Cristianismo, nos ensinamentos deixados pelo Criador, \u00e9 a certeza da miss\u00e3o que nos foi\u00a0 confiada\/delegada por Ele. Gildo cumpriu esse papel, maravilhosamente, BEM.<\/p>\n<p>Tem um ditado que diz : pelos frutos se conhece a \u00e1rvore. Isso se aplica, se encaixa como uma luva para Gildo e Miriam. Veja, observe a conduta dos filhos desse modelo de casal, que montou uma estrutura familiar que se aproxima, sem exagero algum, da perfei\u00e7\u00e3o. N\u00e3o h\u00e1 necessidade de dizer do comportamento, di\u00e1rio, desse casal\u00a0 que refletiu, positivamente, nos filhos. Pode ter certeza de uma coisa: est\u00e3o criados, bem criados, s\u00e3o exemplos vivos do que a harmonia de um casal\/casamento gera como sementes em terreno f\u00e9rtil. Por isso, Gildo n\u00e3o partiu. Est\u00e1 em cada um de n\u00f3s que aprendemos e vamos continuar, diuturnamente, seguindo os seus ensinamentos.<\/p>\n<p>\u00c9 evidente que Miriam, companheira\/esposa de 60 anos de conviv\u00eancia, est\u00e1 triste e chorando muito, mas nestante passa porque as boas recorda\u00e7\u00f5es se sobrepor\u00e3o a essa passageira tristeza. Nossa Senhora vai estar por perto&#8230; Ela \u00e9 minha AMIGA e de tanto eu falar em ZOINHO DE M\u00c3E ela passou a fazer parte da rotina daquele aben\u00e7oado lar. Lili, por exemplo, sabe o que significa olhar nos olhos de Nossa Senhora&#8230;<\/p>\n<p><a href=\"http:\/\/www.r2cpress.com.br\/v1\/wp-content\/uploads\/2014\/07\/gildo-12.jpg\"><img loading=\"lazy\" class=\"alignleft size-full wp-image-83745\" src=\"http:\/\/www.r2cpress.com.br\/v1\/wp-content\/uploads\/2014\/07\/gildo-12.jpg\" alt=\"gildo 12\" width=\"300\" height=\"247\" \/><\/a><\/p>\n<p>&nbsp;<\/p>\n<p>&nbsp;<\/p>\n<p>Gildo Mario Caldas foi um dos meus incentivadores na Ordem.\u00a0 Sempre presente com uma palavra de entusiasmo. Colocava\u00a0meu astral l\u00e1 em cima e acenava com a cabe\u00e7a quando colocava uma m\u00fasica dos \u2018velhos tempos\u2019. Foram muitos abra\u00e7os e sempre dizendo \u201cvoc\u00ea vai crescer. ..\u201d. No sal\u00e3o rolava sempre um afetuoso\u00a0 abra\u00e7o.\u00a0 Nos pequenos detalhes ele estar\u00e1 aqui, ali, no Templo, no sal\u00e3o, nos eventos, dan\u00e7ando etc. Verdadeiramente estar\u00e1 SIM&#8230;<\/p>\n<p>&nbsp;<\/p>\n<p><a href=\"http:\/\/www.r2cpress.com.br\/v1\/wp-content\/uploads\/2014\/07\/gildo-111.jpg\"><img loading=\"lazy\" class=\"alignright  wp-image-83746\" src=\"http:\/\/www.r2cpress.com.br\/v1\/wp-content\/uploads\/2014\/07\/gildo-111.jpg\" alt=\"gildo 11\" width=\"223\" height=\"262\" \/><\/a><\/p>\n<p>&nbsp;<\/p>\n<p>A sua miss\u00e3o desde os prim\u00f3rdios da Gon\u00e7alves Ledo V, da Elias Ock\u00e9, nessas\u00a0 d\u00e9cadas trabalhando \u00a0com Maestria podemos dizer, sem medo de errar, que Gildo M\u00e1rio Caldas deixar\u00e1 sua energia fincada naquele ret\u00e2ngulo ma\u00e7\u00f4nico e, com essa for\u00e7a, gerar\u00e1 o concreto\u00a0necess\u00e1rio para o fortalecimento, cada vez maior, daquelas Colunas.<\/p>\n<p>Por tudo que sabemos de Gildo Mario Caldas teremos uma estrela no firmamento direcionando o seu brilho azulado para seus Irm\u00e3os e Amigos que, felizes, agradecem ao Supremo Arquiteto do Universo esse valioso e valoroso presente que foi conviver com essa figura \u00edmpar que dignifica a ra\u00e7a humana t\u00e3o carente de exemplos nos quesitos b\u00e1sicos da honradez, \u00e9tica, fidelidade e do bem querer para com seus semelhantes.<\/p>\n<p>Gildo\u00a0Mario Caldas estar\u00e1 SEMPRE de P\u00e9 e \u00e0 Ordem.<\/p>\n<p style=\"text-align: center;\"><strong>Beijo grande com um TFA.&#8217;. e fiquem com DEUS (Sempre!).<\/strong><\/p>\n<p style=\"text-align: center;\"><strong>Rabat.\u2019.<\/strong><\/p>\n","protected":false},"excerpt":{"rendered":"<p>Quando \u2018simplesmente\u2019 parte&#8230; Partiu. Quando passa e deixa um legado recheado de exemplos FICA. Essa \u00e9 a verdadeira raz\u00e3o de existir (na ess\u00eancia da palavra). A ordem natural da vida \u00e9: nascer, crescer\/desenvolver e morrer\/partir.\u00a0 As a\u00e7\u00f5es, espelhadas no Cristianismo, nos ensinamentos deixados pelo Criador, \u00e9 a certeza da miss\u00e3o que nos foi\u00a0 confiada\/delegada por [&hellip;]<\/p>\n","protected":false},"author":2,"featured_media":0,"comment_status":"open","ping_status":"open","sticky":false,"template":"","format":"standard","meta":{"_links_to":"","_links_to_target":""},"categories":[34],"tags":[],"_links":{"self":[{"href":"https:\/\/www.r2cpress.com.br\/v1\/wp-json\/wp\/v2\/posts\/83742"}],"collection":[{"href":"https:\/\/www.r2cpress.com.br\/v1\/wp-json\/wp\/v2\/posts"}],"about":[{"href":"https:\/\/www.r2cpress.com.br\/v1\/wp-json\/wp\/v2\/types\/post"}],"author":[{"embeddable":true,"href":"https:\/\/www.r2cpress.com.br\/v1\/wp-json\/wp\/v2\/users\/2"}],"replies":[{"embeddable":true,"href":"https:\/\/www.r2cpress.com.br\/v1\/wp-json\/wp\/v2\/comments?post=83742"}],"version-history":[{"count":12,"href":"https:\/\/www.r2cpress.com.br\/v1\/wp-json\/wp\/v2\/posts\/83742\/revisions"}],"predecessor-version":[{"id":83756,"href":"https:\/\/www.r2cpress.com.br\/v1\/wp-json\/wp\/v2\/posts\/83742\/revisions\/83756"}],"wp:attachment":[{"href":"https:\/\/www.r2cpress.com.br\/v1\/wp-json\/wp\/v2\/media?parent=83742"}],"wp:term":[{"taxonomy":"category","embeddable":true,"href":"https:\/\/www.r2cpress.com.br\/v1\/wp-json\/wp\/v2\/categories?post=83742"},{"taxonomy":"post_tag","embeddable":true,"href":"https:\/\/www.r2cpress.com.br\/v1\/wp-json\/wp\/v2\/tags?post=83742"}],"curies":[{"name":"wp","href":"https:\/\/api.w.org\/{rel}","templated":true}]}}