{"id":8402,"date":"2011-02-10T18:53:52","date_gmt":"2011-02-10T21:53:52","guid":{"rendered":"http:\/\/www.r2cpress.com.br\/v1\/?p=8402"},"modified":"2011-02-10T18:53:52","modified_gmt":"2011-02-10T21:53:52","slug":"retrato-de-uma-colidente-demarcacao-de-falsas-terras-indigenas","status":"publish","type":"post","link":"https:\/\/www.r2cpress.com.br\/v1\/2011\/02\/10\/retrato-de-uma-colidente-demarcacao-de-falsas-terras-indigenas\/","title":{"rendered":"RETRATO DE UMA COLIDENTE DEMARCA\u00c7\u00c3O DE FALSAS TERRAS INDIGENAS"},"content":{"rendered":"<p><img align = \"left\" src = \"http:\/\/www.r2cpress.com.br\/v1\/wp-content\/uploads\/luiz-henrique-uaquim.jpg\"\/>Se n\u00e3o fossem as subsequentes pris\u00f5es, principalmente dos falsos l\u00edderes, como a da \u201ccacique\u201d Valdeci, h\u00e1 poucos dias, poder\u00edamos chamar de movimento indigenista essa tentativa de demarca\u00e7\u00e3o. Todavia, os crimes registrados em fartos inqu\u00e9ritos policiais, sobrepujam as barreiras da legalidade e da moral, denunciando com muita facilidade, que se trata de um oportunismo barato, motivado por ideologias obsoletas, que andam na contram\u00e3o do desenvolvimento do nosso Pa\u00eds; uma pol\u00edtica retr\u00f3grada que n\u00e3o mais se aplica em pleno s\u00e9culo 21. Para a Pol\u00edcia Federal, pode tratar-se de  forma\u00e7\u00e3o de quadrilha, mas, para n\u00f3s, de arroubo do crime organizado, que agoniza. <\/p>\n<p>     Os falsos l\u00edderes abra\u00e7am a pr\u00e1tica da criminalidade com interesses pecuni\u00e1rios e eleitoreiros, e usam como massa de manobra, aqueles menos esclarecidos, cadastrados de forma fraudulenta atrav\u00e9s de fartas promessas; por\u00e9m, a justi\u00e7a, implac\u00e1vel, condena-os com pris\u00f5es flagrantes, at\u00e9 mesmo os castiga, suspendendo a Demarca\u00e7\u00e3o, apartir de 14\/12\/2010, conforme despacho do Juiz Federal Dr. Pedro Holliday, condicionando-a \u00e0  desocupa\u00e7\u00e3o de propriedades invadidas.<\/p>\n<p><!--more--><\/p>\n<p>     A Associa\u00e7\u00e3o de Pequenos Agricultores n\u00e3o ficar\u00e1 alheia a tudo isso. Lutamos contra um movimento que se confunde com forma\u00e7\u00e3o de quadrilha, pois, a todo instante se prende um representante, auto-intitulado Tupinamb\u00e1 de Oliven\u00e7a, movimentando toda justi\u00e7a Brasileira, levando aos mais altos custos operacionais, que s\u00e3o pagos pelos contribuintes que nada t\u00eam a ver com tamanha hipocrisia. S\u00e3o elementos assistidos pelo Minist\u00e9rio P\u00fablico Federal, que, confuso e  pago pelos mesmos contribuintes, parece empenhado em nada fazer.<\/p>\n<p>     Dois mil e onze anos depois de Cristo e o homem ainda n\u00e3o aprendeu a respeitar o seu semelhante. Tem em  alguns representantes dos interesses p\u00fablicos, que ap\u00f3iam movimentos como este, o retrato daqueles que defendem o seu pr\u00f3prio umbigo, contribuindo para perpetuar os mesmos problemas de outrora: sa\u00fade, escola, transporte, educa\u00e7\u00e3o, seguran\u00e7a, moradia, corrup\u00e7\u00e3o, nepotismo&#8230;. etc. Problemas que se repetem com muita clareza e pelos mesmos motivos: a falta  de respeito para com o pr\u00f3ximo.<br \/>\n     A Presidente eleita Dilma Roussef, com sua coragem de cortar 50 bi do or\u00e7amento, de nomear v\u00e1rias mulheres para minist\u00e9rios, de apontar o dedo contra Armadinejad e de quebrar a corrente de rapina em Furnas, e o Governador Jackes Wagner, conhecedores da nossa luta, decerto n\u00e3o permitir\u00e3o essa demarca\u00e7\u00e3o, entendendo assim que as terras j\u00e1 pertencem aos Pequenos Agricultores, que nelas produzem h\u00e1 mais de 100 anos.<\/p>\n<p>A Associa\u00e7\u00e3o de Pequenos Agricultores defende o interesse plural voltado para o respeito ao direito de propriedade, como tamb\u00e9m a Constitui\u00e7\u00e3o Brasileira. Assim, esperamos dos velhos e novos representantes, o compromisso com a verdadeira Democracia, que tem como limite, a lei.<\/p>\n<p>Estas s\u00e3o as nossas convic\u00e7\u00f5es<\/p>\n<p>Luiz Henrique Uaquim da Silva<br \/>\nPresidente<\/p>\n","protected":false},"excerpt":{"rendered":"<p>Se n\u00e3o fossem as subsequentes pris\u00f5es, principalmente dos falsos l\u00edderes, como a da \u201ccacique\u201d Valdeci, h\u00e1 poucos dias, poder\u00edamos chamar de movimento indigenista essa tentativa de demarca\u00e7\u00e3o. Todavia, os crimes registrados em fartos inqu\u00e9ritos policiais, sobrepujam as barreiras da legalidade e da moral, denunciando com muita facilidade, que se trata de um oportunismo barato, motivado [&hellip;]<\/p>\n","protected":false},"author":2,"featured_media":0,"comment_status":"open","ping_status":"open","sticky":false,"template":"","format":"standard","meta":{"_links_to":"","_links_to_target":""},"categories":[10],"tags":[],"_links":{"self":[{"href":"https:\/\/www.r2cpress.com.br\/v1\/wp-json\/wp\/v2\/posts\/8402"}],"collection":[{"href":"https:\/\/www.r2cpress.com.br\/v1\/wp-json\/wp\/v2\/posts"}],"about":[{"href":"https:\/\/www.r2cpress.com.br\/v1\/wp-json\/wp\/v2\/types\/post"}],"author":[{"embeddable":true,"href":"https:\/\/www.r2cpress.com.br\/v1\/wp-json\/wp\/v2\/users\/2"}],"replies":[{"embeddable":true,"href":"https:\/\/www.r2cpress.com.br\/v1\/wp-json\/wp\/v2\/comments?post=8402"}],"version-history":[{"count":2,"href":"https:\/\/www.r2cpress.com.br\/v1\/wp-json\/wp\/v2\/posts\/8402\/revisions"}],"predecessor-version":[{"id":8404,"href":"https:\/\/www.r2cpress.com.br\/v1\/wp-json\/wp\/v2\/posts\/8402\/revisions\/8404"}],"wp:attachment":[{"href":"https:\/\/www.r2cpress.com.br\/v1\/wp-json\/wp\/v2\/media?parent=8402"}],"wp:term":[{"taxonomy":"category","embeddable":true,"href":"https:\/\/www.r2cpress.com.br\/v1\/wp-json\/wp\/v2\/categories?post=8402"},{"taxonomy":"post_tag","embeddable":true,"href":"https:\/\/www.r2cpress.com.br\/v1\/wp-json\/wp\/v2\/tags?post=8402"}],"curies":[{"name":"wp","href":"https:\/\/api.w.org\/{rel}","templated":true}]}}