{"id":84020,"date":"2014-07-21T11:25:12","date_gmt":"2014-07-21T14:25:12","guid":{"rendered":"http:\/\/www.r2cpress.com.br\/v1\/?p=84020"},"modified":"2014-07-21T11:25:12","modified_gmt":"2014-07-21T14:25:12","slug":"teatro-e-debates-gratuitos-de-terca-a-sexta-na-tenda","status":"publish","type":"post","link":"https:\/\/www.r2cpress.com.br\/v1\/2014\/07\/21\/teatro-e-debates-gratuitos-de-terca-a-sexta-na-tenda\/","title":{"rendered":"Teatro e debates gratuitos  de ter\u00e7a a sexta na Tenda"},"content":{"rendered":"<p>A Tenda Teatro Popular de Ilh\u00e9us (TPI), com a apoio da Universidade Federal do Sul da Bahia (UFSB) une espet\u00e1culos ao\u00a0<em>Improviso, Oxente!,\u00a0<\/em>para falar sobre \u201cMobiliza\u00e7\u00e3o Popular\u201d. De ter\u00e7a a sexta-feira (22 a 25), haver\u00e1 quatro pe\u00e7as e debates diferentes por noite, sempre a partir das 18h30min e com entrada franca. A estreia ser\u00e1 com\u00a0<em>Lendas da Lagoa Encantada<\/em>, musical da Cia. Boi da Cara Preta, seguida das discuss\u00f5es sobre \u201cMobiliza\u00e7\u00e3o Socioambiental\u201d. Os convidados s\u00e3o Rui Rocha, do Instituto Floresta Viva, e Jorge Chiapetti, da Universidade Estadual de Santa Cruz (UESC).<\/p>\n<p>Segundo o diretor art\u00edstico do TPI, Romualdo Lisboa, a nova edi\u00e7\u00e3o do<em>Improviso, Oxente!<\/em>\u00a0vem com a\u00a0proposta de entender as manifesta\u00e7\u00f5es populares que tomaram o pa\u00eds desde junho do ano passado. \u00a0\u201cQueremos abordar as motiva\u00e7\u00f5es, os v\u00e1rios modos de mobiliza\u00e7\u00e3o, o uso das redes sociais, a repress\u00e3o, o vandalismo, al\u00e9m da reverbera\u00e7\u00e3o em Ilh\u00e9us\u201d, explicou.\u00a0A UFSB ficar\u00e1 respons\u00e1vel pela coordena\u00e7\u00e3o pedag\u00f3gica e emiss\u00e3o dos certificados de participa\u00e7\u00e3o ao p\u00fablico.<\/p>\n<p>Para falar sobre \u201cMobiliza\u00e7\u00e3o Cultural\u201d na quarta-feira (23), estar\u00e1 em cartaz o musical\u00a0<em>Auto do Boi da Cara Preta<\/em>, da Cia. Boi da Cara Preta e, na sequ\u00eancia, os debatedores s\u00e3o o presidente do Conselho Municipal de Cultura, Pawlo Cidade, e o diretor de territorializa\u00e7\u00e3o da Secretaria de Cultura da Bahia (Secult), Sandro Magalh\u00e3es. A media\u00e7\u00e3o fica a cargo da professora decana do Centro de Forma\u00e7\u00e3o em Comunica\u00e7\u00e3o e Artes da UFSB, Hebe Alves.<\/p>\n<p>A \u00f3pera afro-rock do TPI,\u00a0<em>1789,<\/em>\u00a0anteceder\u00e1 as discuss\u00f5es sobre \u201cMobiliza\u00e7\u00e3o \u00c9tnico-racial\u201d, na quinta-feira (24). Os convidados da noite s\u00e3o o representante da tribo Tupinamb\u00e1 de Oliven\u00e7a, Cl\u00e1udio Magalh\u00e3es, e do Assentamento Dom Helder, Moacir Pinho e Bernadete Ferreira. O soci\u00f3logo e professor da UFSB, Sandro Ferreira, ser\u00e1 o mediador.<\/p>\n<p>A s\u00e1tira em cordel\u00a0<em>Teodorico Majestade \u2013 as \u00faltimas horas de um prefeito<\/em>encerra a sequ\u00eancia de espet\u00e1culos e debates na sexta-feira (25). O tema da noite ser\u00e1 \u201cMobiliza\u00e7\u00e3o Pol\u00edtica\u201d. Sob a media\u00e7\u00e3o do professor Ramayana Vargens, os debatedores convidados s\u00e3o o cientista pol\u00edtico e professor da UFSB, M\u00e1rcio Carvalho, e o representante da sociedade civil, M\u00e1rio Schneider.<\/p>\n","protected":false},"excerpt":{"rendered":"<p>A Tenda Teatro Popular de Ilh\u00e9us (TPI), com a apoio da Universidade Federal do Sul da Bahia (UFSB) une espet\u00e1culos ao\u00a0Improviso, Oxente!,\u00a0para falar sobre \u201cMobiliza\u00e7\u00e3o Popular\u201d. De ter\u00e7a a sexta-feira (22 a 25), haver\u00e1 quatro pe\u00e7as e debates diferentes por noite, sempre a partir das 18h30min e com entrada franca. A estreia ser\u00e1 com\u00a0Lendas da [&hellip;]<\/p>\n","protected":false},"author":2,"featured_media":0,"comment_status":"open","ping_status":"open","sticky":false,"template":"","format":"standard","meta":{"_links_to":"","_links_to_target":""},"categories":[5],"tags":[],"_links":{"self":[{"href":"https:\/\/www.r2cpress.com.br\/v1\/wp-json\/wp\/v2\/posts\/84020"}],"collection":[{"href":"https:\/\/www.r2cpress.com.br\/v1\/wp-json\/wp\/v2\/posts"}],"about":[{"href":"https:\/\/www.r2cpress.com.br\/v1\/wp-json\/wp\/v2\/types\/post"}],"author":[{"embeddable":true,"href":"https:\/\/www.r2cpress.com.br\/v1\/wp-json\/wp\/v2\/users\/2"}],"replies":[{"embeddable":true,"href":"https:\/\/www.r2cpress.com.br\/v1\/wp-json\/wp\/v2\/comments?post=84020"}],"version-history":[{"count":1,"href":"https:\/\/www.r2cpress.com.br\/v1\/wp-json\/wp\/v2\/posts\/84020\/revisions"}],"predecessor-version":[{"id":84021,"href":"https:\/\/www.r2cpress.com.br\/v1\/wp-json\/wp\/v2\/posts\/84020\/revisions\/84021"}],"wp:attachment":[{"href":"https:\/\/www.r2cpress.com.br\/v1\/wp-json\/wp\/v2\/media?parent=84020"}],"wp:term":[{"taxonomy":"category","embeddable":true,"href":"https:\/\/www.r2cpress.com.br\/v1\/wp-json\/wp\/v2\/categories?post=84020"},{"taxonomy":"post_tag","embeddable":true,"href":"https:\/\/www.r2cpress.com.br\/v1\/wp-json\/wp\/v2\/tags?post=84020"}],"curies":[{"name":"wp","href":"https:\/\/api.w.org\/{rel}","templated":true}]}}