{"id":84091,"date":"2014-07-23T12:04:56","date_gmt":"2014-07-23T15:04:56","guid":{"rendered":"http:\/\/www.r2cpress.com.br\/v1\/?p=84091"},"modified":"2014-07-23T12:04:56","modified_gmt":"2014-07-23T15:04:56","slug":"mobilizacao-cultural-e-o-tema-do-improviso-oxente-de-hoje","status":"publish","type":"post","link":"https:\/\/www.r2cpress.com.br\/v1\/2014\/07\/23\/mobilizacao-cultural-e-o-tema-do-improviso-oxente-de-hoje\/","title":{"rendered":"Mobiliza\u00e7\u00e3o Cultural \u00e9 o tema  do\u00a0Improviso, Oxente!\u00a0\u00a0de hoje"},"content":{"rendered":"<p>A semana do projeto\u00a0<em>Improviso, Oxente!<\/em>\u00a0segue abordando assuntos relacionados ao tema geral \u201cMobiliza\u00e7\u00e3o Popular\u201d. Na noite de hoje (23), as discuss\u00f5es ser\u00e3o entorno da \u201cMobiliza\u00e7\u00e3o Cultural\u201d. Antecedendo os debates, \u00e0s 18h30min ser\u00e1 apresentado o musical\u00a0<em>Auto do Boi da Cara Preta<\/em>, da Cia. Boi da Cara Preta. A iniciativa acontece na Tenda Teatro Popular de Ilh\u00e9us (TPI), na Avenida Soares Lopes, em parceria com a Universidade Federal do Sul da Bahia (UFSB), que emitir\u00e1 certificados de participa\u00e7\u00e3o. A entrada para o espet\u00e1culo e debate \u00e9 gratuita.<\/p>\n<p>O\u00a0<em>Improviso, Oxente!\u00a0<\/em>da noite de hoje recebe o presidente do Conselho Municipal de Cultura, Pawlo Cidade, e o diretor de territorializa\u00e7\u00e3o da Secretaria de Cultura da Bahia (Secult), Sandro Magalh\u00e3es. A media\u00e7\u00e3o ficar\u00e1 a cargo da professora decana do Centro de Forma\u00e7\u00e3o em Comunica\u00e7\u00e3o e Artes da UFSB, Hebe Alves. Quem n\u00e3o puder comparecer ao espa\u00e7o cultural, poder\u00e1 acompanhar as discuss\u00f5es ao vivo pela internet, com transmiss\u00e3o realizada pelo Instituto Nossa Ilh\u00e9us, no blog\u00a0<a href=\"http:\/\/www.teatropopulardeilheus.blogspot.com\/\">www.teatropopulardeilheus.blogspot.com<\/a>.<\/p>\n<p>A estreia da atual edi\u00e7\u00e3o do\u00a0<em>Improviso, Oxente!<\/em>\u00a0aconteceu ontem (22), com apresenta\u00e7\u00e3o do musical\u00a0<em>Lendas da Lagoa Encantada\u00a0<\/em>e discuss\u00f5es acerca da \u201cMobiliza\u00e7\u00e3o Socioambiental\u201d. Os debatedores foram\u00a0Rui Rocha, do Instituto Floresta Viva, e Jorge Chiapetti, da Universidade Estadual de Santa Cruz (UESC), com media\u00e7\u00e3o do professor da USFB, Felipe de Paula.<\/p>\n<p>Para Rui Rocha, a palavra sustentabilidade \u00e9 muito sofisticada para falar de algo que \u00e9 vivido no dia a dia. Em rela\u00e7\u00e3o ao desenvolvimento econ\u00f4mico do Brasil, ele citou que o pa\u00eds saiu de uma economia agr\u00e1ria para viver uma industrializa\u00e7\u00e3o for\u00e7ada e tardia, no s\u00e9culo XX. \u201cO Brasil \u00e9 visto mais como um territ\u00f3rio a ser explorado do que na perspectiva do seu povo. O limite do Brasil \u00e9 a alma do brasileiro, que d\u00e1 dimens\u00e3o ao seu pa\u00eds\u201d, afirmou.<\/p>\n<p>O professor Jorge Chiapetti abriu sua fala dizendo que a esperan\u00e7a est\u00e1 na arte, sempre na vanguarda do pensamento e da express\u00e3o. Ele disse que o consumo e a acumula\u00e7\u00e3o s\u00e3o os dois pilares que sustentam o atual modelo de sociedade. \u201cEstamos vivendo um per\u00edodo em que a informa\u00e7\u00e3o tem um grande papel para manifestar as inquietudes e insatisfa\u00e7\u00f5es da comunidade, inclusive ambientais\u201d, declarou o convidado.<\/p>\n<p>A \u00f3pera afro-rock do TPI,\u00a0<em>1789,<\/em>\u00a0anteceder\u00e1 as discuss\u00f5es sobre \u201cMobiliza\u00e7\u00e3o \u00c9tnico-racial\u201d, na quinta-feira (24). E a s\u00e1tira em cordel\u00a0<em>Teodorico Majestade \u2013 as \u00faltimas horas de um prefeito<\/em>\u00a0encerra a sequ\u00eancia de espet\u00e1culos e debates do projeto\u00a0<em>Improviso, Oxente!\u00a0<\/em>na sexta-feira (25).<\/p>\n","protected":false},"excerpt":{"rendered":"<p>A semana do projeto\u00a0Improviso, Oxente!\u00a0segue abordando assuntos relacionados ao tema geral \u201cMobiliza\u00e7\u00e3o Popular\u201d. Na noite de hoje (23), as discuss\u00f5es ser\u00e3o entorno da \u201cMobiliza\u00e7\u00e3o Cultural\u201d. Antecedendo os debates, \u00e0s 18h30min ser\u00e1 apresentado o musical\u00a0Auto do Boi da Cara Preta, da Cia. Boi da Cara Preta. A iniciativa acontece na Tenda Teatro Popular de Ilh\u00e9us (TPI), [&hellip;]<\/p>\n","protected":false},"author":2,"featured_media":0,"comment_status":"open","ping_status":"open","sticky":false,"template":"","format":"standard","meta":{"_links_to":"","_links_to_target":""},"categories":[5],"tags":[],"_links":{"self":[{"href":"https:\/\/www.r2cpress.com.br\/v1\/wp-json\/wp\/v2\/posts\/84091"}],"collection":[{"href":"https:\/\/www.r2cpress.com.br\/v1\/wp-json\/wp\/v2\/posts"}],"about":[{"href":"https:\/\/www.r2cpress.com.br\/v1\/wp-json\/wp\/v2\/types\/post"}],"author":[{"embeddable":true,"href":"https:\/\/www.r2cpress.com.br\/v1\/wp-json\/wp\/v2\/users\/2"}],"replies":[{"embeddable":true,"href":"https:\/\/www.r2cpress.com.br\/v1\/wp-json\/wp\/v2\/comments?post=84091"}],"version-history":[{"count":1,"href":"https:\/\/www.r2cpress.com.br\/v1\/wp-json\/wp\/v2\/posts\/84091\/revisions"}],"predecessor-version":[{"id":84092,"href":"https:\/\/www.r2cpress.com.br\/v1\/wp-json\/wp\/v2\/posts\/84091\/revisions\/84092"}],"wp:attachment":[{"href":"https:\/\/www.r2cpress.com.br\/v1\/wp-json\/wp\/v2\/media?parent=84091"}],"wp:term":[{"taxonomy":"category","embeddable":true,"href":"https:\/\/www.r2cpress.com.br\/v1\/wp-json\/wp\/v2\/categories?post=84091"},{"taxonomy":"post_tag","embeddable":true,"href":"https:\/\/www.r2cpress.com.br\/v1\/wp-json\/wp\/v2\/tags?post=84091"}],"curies":[{"name":"wp","href":"https:\/\/api.w.org\/{rel}","templated":true}]}}