{"id":84123,"date":"2014-07-23T22:14:18","date_gmt":"2014-07-24T01:14:18","guid":{"rendered":"http:\/\/www.r2cpress.com.br\/v1\/?p=84123"},"modified":"2014-07-23T22:14:18","modified_gmt":"2014-07-24T01:14:18","slug":"morre-o-escritor-ariano-suassuna","status":"publish","type":"post","link":"https:\/\/www.r2cpress.com.br\/v1\/2014\/07\/23\/morre-o-escritor-ariano-suassuna\/","title":{"rendered":"Morre o escritor Ariano Suassuna"},"content":{"rendered":"<p style=\"color: #000000;\"><img src=\"http:\/\/www.tribunadabahia.com.br\/upload\/20140723064440_ariano-suassuna.jpg\" alt=\"Ariano Suassuna\" \/><\/p>\n<p style=\"color: #000000;\">Nascido no ano de 1927 em Nossa Senhora das Neves (atual Jo\u00e3o Pessoa), Ariano Vilar Suassuna foi um dos principais escritores da literatura nacional.<\/p>\n<p style=\"color: #000000;\">Dono de um estilo liter\u00e1rio \u00fanico, ele ocupava a cadeira n\u00ba 32 da Academia Brasileira de Letras. Ainda crian\u00e7a se mudou para o sert\u00e3o e, posteriormente, seguiu para o Rio de Janeiro, onde seu pai foi assassinado por motivos pol\u00edticos, causando assim a volta da fam\u00edlia para a Para\u00edba.<\/p>\n<p style=\"color: #000000;\">Idealizador do movimento Armorial, ele morreu nesta quarta-feira (23) em decorr\u00eancia de um AVC.<\/p>\n<p style=\"color: #000000;\">Em 1942, Ariano passou a morar no Recife. Na capital pernambucana ele terminou seus estudos secund\u00e1rios e iniciou a Faculdade de Direito.<\/p>\n<p style=\"color: #000000;\">Na academia ele conhece Hermilo Borba Filho e juntos fundam o Teatro do Estudante de Pernambuco, escrevendo\u00a0Uma Mulher Vestida de Sol, sua primeira pe\u00e7a teatral, j\u00e1 em 1947.<\/p>\n<p style=\"color: #000000;\">Os anos seguintes foram bastante produtivos, com uma m\u00e9dia de um espet\u00e1culo por ano, ele se viu obrigado a retornar a Tapero\u00e1 devido a problemas pulmonares em 1950.<\/p>\n<p style=\"color: #000000;\">Dois anos depois, j\u00e1 de volta \u00e0 &#8216;Veneza brasileira&#8217;, Suassuna passa a se dedicar \u00e0 advocacia, mas n\u00e3o deixa de lado sua paix\u00e3o pelo teatro e escreve algumas de suas principais obras.<\/p>\n<p style=\"color: #000000;\">Em 1955 escreveu o\u00a0Auto da Compadecida, sua obra mais conhecida e considerada um dos textos mais populares das artes c\u00eanicas nacionais. Ainda durante a d\u00e9cada de 1950, ele passou a lecionar na Universidade Federal de Pernambuco, institui\u00e7\u00e3o em que trabalhou at\u00e9 o ano de 1994.<\/p>\n<p style=\"color: #000000;\">Foi membro fundador do Conselho Federal de Cultura em 1967. Na d\u00e9cada de 1970 iniciou o Movimento Armorial, que incentivava o desenvolvimento e o conhecimento das formas de express\u00e3o populares nordestinas tradicionais.<\/p>\n<p style=\"color: #000000;\">Desde 1993 integra a Academia Pernambucana de Letras e em 2000 entrou para a Academia Paraibana de Letras.<\/p>\n<p style=\"color: #000000;\"><strong>TRIBUNA DA BAHIA:<\/strong><\/p>\n<p style=\"color: #000000;\">http:\/\/www.tribunadabahia.com.br\/2014\/07\/23\/morre-escritor-ariano-suassuna<\/p>\n","protected":false},"excerpt":{"rendered":"<p>Nascido no ano de 1927 em Nossa Senhora das Neves (atual Jo\u00e3o Pessoa), Ariano Vilar Suassuna foi um dos principais escritores da literatura nacional. Dono de um estilo liter\u00e1rio \u00fanico, ele ocupava a cadeira n\u00ba 32 da Academia Brasileira de Letras. Ainda crian\u00e7a se mudou para o sert\u00e3o e, posteriormente, seguiu para o Rio de [&hellip;]<\/p>\n","protected":false},"author":2,"featured_media":0,"comment_status":"open","ping_status":"open","sticky":false,"template":"","format":"standard","meta":{"_links_to":"","_links_to_target":""},"categories":[13],"tags":[],"_links":{"self":[{"href":"https:\/\/www.r2cpress.com.br\/v1\/wp-json\/wp\/v2\/posts\/84123"}],"collection":[{"href":"https:\/\/www.r2cpress.com.br\/v1\/wp-json\/wp\/v2\/posts"}],"about":[{"href":"https:\/\/www.r2cpress.com.br\/v1\/wp-json\/wp\/v2\/types\/post"}],"author":[{"embeddable":true,"href":"https:\/\/www.r2cpress.com.br\/v1\/wp-json\/wp\/v2\/users\/2"}],"replies":[{"embeddable":true,"href":"https:\/\/www.r2cpress.com.br\/v1\/wp-json\/wp\/v2\/comments?post=84123"}],"version-history":[{"count":1,"href":"https:\/\/www.r2cpress.com.br\/v1\/wp-json\/wp\/v2\/posts\/84123\/revisions"}],"predecessor-version":[{"id":84124,"href":"https:\/\/www.r2cpress.com.br\/v1\/wp-json\/wp\/v2\/posts\/84123\/revisions\/84124"}],"wp:attachment":[{"href":"https:\/\/www.r2cpress.com.br\/v1\/wp-json\/wp\/v2\/media?parent=84123"}],"wp:term":[{"taxonomy":"category","embeddable":true,"href":"https:\/\/www.r2cpress.com.br\/v1\/wp-json\/wp\/v2\/categories?post=84123"},{"taxonomy":"post_tag","embeddable":true,"href":"https:\/\/www.r2cpress.com.br\/v1\/wp-json\/wp\/v2\/tags?post=84123"}],"curies":[{"name":"wp","href":"https:\/\/api.w.org\/{rel}","templated":true}]}}