{"id":84459,"date":"2014-08-02T13:50:06","date_gmt":"2014-08-02T16:50:06","guid":{"rendered":"http:\/\/www.r2cpress.com.br\/v1\/?p=84459"},"modified":"2014-08-02T13:54:00","modified_gmt":"2014-08-02T16:54:00","slug":"no-blog-do-gusmao-10","status":"publish","type":"post","link":"https:\/\/www.r2cpress.com.br\/v1\/2014\/08\/02\/no-blog-do-gusmao-10\/","title":{"rendered":"No BLOG DO GUSM\u00c3O"},"content":{"rendered":"<h3><span class=\"PostHeader\"><a title=\"Permanent Link to ISRAEL NUNES ACREDITAVA NO HOMEM\" href=\"http:\/\/www.blogdogusmao.com.br\/v1\/2014\/08\/02\/israel-nunes-acreditava-no-homem\/\" rel=\"bookmark\"> ISRAEL NUNES ACREDITAVA NO HOMEM<\/a><\/span><\/h3>\n<hr \/>\n<div align=\"right\">\n<div class=\"PostHeaderIcons metadata-icons\">2\/ago\/2014 . 12:20<\/div>\n<\/div>\n<div id=\"HOTWordsTxt\">\n<p><a href=\"http:\/\/www.blogdogusmao.com.br\/v1\/wp-content\/uploads\/israel-na-aldeia.jpg\" data-slb-group=\"130380\" data-slb-active=\"1\" data-slb-internal=\"0\"><img loading=\"lazy\" class=\"size-full wp-image-69986\" src=\"http:\/\/www.blogdogusmao.com.br\/v1\/wp-content\/uploads\/israel-na-aldeia.jpg\" alt=\"Israel e lideran\u00e7as ind\u00edgenas tupinamb\u00e1s.\" width=\"400\" height=\"241\" \/><\/a><\/p>\n<h4 style=\"text-align: justify;\"><strong><span style=\"color: #000000;\">O editor deste blog, Em\u00edlio Gusm\u00e3o, gravou uma homenagem \u00e0 mem\u00f3ria do amigo\u00a0Israel Nunes, que faleceu na noite de sexta-feira, 1\u00ba. O vel\u00f3rio acontece na Ma\u00e7onaria da Avenida Itabuna, 130, em Ilh\u00e9us. O sepultamento ser\u00e1 \u00e0s 16 horas no Cemit\u00e9rio da Vit\u00f3ria.\u00a0<\/span><\/strong><\/h4>\n<h4><strong><span style=\"color: #000000;\"><strong>Israel\u00a0delegou uma\u00a0tarefa dif\u00edcil a\u00a0Em\u00edlio. Ou\u00e7a.<\/strong>\u00a0<\/span><\/strong><\/h4>\n<h4 style=\"text-align: justify;\"><strong><span style=\"color: #000000;\">A transcri\u00e7\u00e3o do \u00e1udio segue abaixo.<\/span><\/strong><\/h4>\n<h4 style=\"text-align: justify;\"><strong><span style=\"color: #000000;\">Por Em\u00edlio Gusm\u00e3o<\/span><\/strong><\/h4>\n<h4 style=\"text-align: justify;\"><span style=\"color: #000000;\">O meu amigo Israel Nunes, que faleceu ontem \u00e0 noite, me incumbiu de uma tarefa muito dif\u00edcil. Sinto, nesse momento de perda e dor, o peso dessa tarefa que ele me delegou. Israel pediu que eu escrevesse que ele n\u00e3o queria nenhuma manifesta\u00e7\u00e3o religiosa em seu vel\u00f3rio.<\/span><\/h4>\n<h4 style=\"text-align: justify;\"><span style=\"color: #000000;\">Israel era um ateu convicto, n\u00e3o era um religioso e n\u00e3o acreditava em Deus, mas, fazia isso respeitando as op\u00e7\u00f5es de cada um. N\u00e3o fazia isso de maneira ofensiva, de forma alguma. Era uma op\u00e7\u00e3o dele, para ele, e gostava que os amigos respeitassem essa posi\u00e7\u00e3o.<\/span><\/h4>\n<h4 style=\"text-align: justify;\"><span style=\"color: #000000;\">Nesse momento, que sofremos a perda de Israel, esque\u00e7amos Deus. N\u00e3o digo isso para causar choque, muito menos pol\u00eamica, n\u00e3o \u00e9 essa a minha inten\u00e7\u00e3o. Eu, que sou um homem de tantas pol\u00eamicas, afirmo, com toda sinceridade, que essa n\u00e3o \u00e9 a minha inten\u00e7\u00e3o agora. Quero dizer que esse momento \u00e9 prop\u00edcio para valorizar o homem, valorizar a vida, valorizar as lutas pelas causas sociais e por uma sociedade igualit\u00e1ria.<\/span><\/h4>\n<h4 style=\"text-align: justify;\"><span style=\"color: #000000;\">Meu amigo Israel era um homem de muitas convic\u00e7\u00f5es, era um homem que gostava de ler, que amava a vida acad\u00eamica, o Direito, era um homem extremamente respons\u00e1vel, amava muito a sua fam\u00edlia, a esposa.<\/span><\/h4>\n<h4 style=\"text-align: justify;\"><span style=\"color: #000000;\">Israel acreditava em muitas coisas, por\u00e9m, acreditava em coisas do mundo real. N\u00e3o era um homem sem utopia, ele sonhava.<\/span><\/h4>\n<p><a href=\"http:\/\/www.blogdogusmao.com.br\/v1\/wp-content\/uploads\/israel-entre-alunos.jpg\" data-slb-group=\"130380\" data-slb-active=\"1\" data-slb-internal=\"0\"><img loading=\"lazy\" class=\" wp-image-130391\" src=\"http:\/\/www.blogdogusmao.com.br\/v1\/wp-content\/uploads\/israel-entre-alunos.jpg\" alt=\"Israel entre alunos. \" width=\"506\" height=\"337\" \/><\/a><\/p>\n<h4 style=\"text-align: justify;\"><span style=\"color: #000000;\">A melhor forma de homenage\u00e1-lo \u00e9 valorizar o trabalho de um professor, porque Israel era um professor, um grande professor. Sentia-se bem na sala de aula. Gostava de passar o conhecimento, de discutir com os alunos, e amava essa profiss\u00e3o. Por isso, a melhor forma de homenage\u00e1-lo \u00e9 pedir que seus alunos de Direito, da Faculdade de Ilh\u00e9us, das outras faculdades e dos cursos preparat\u00f3rios que ele ministrou, pedir a todos que compare\u00e7am ao seu enterro, ao seu vel\u00f3rio, que possam fazer a justa homenagem. Com certeza, quem foi aluno de Israel teve essa impress\u00e3o de como ele amava ministrar aulas, como ele amava o Direito e a busca para resguardar dignidade e cidadania \u00e0s pessoas.<\/span><\/h4>\n<h4 style=\"text-align: justify;\"><span style=\"color: #000000;\">Israel era um cara de grande generosidade. N\u00e3o estou falando aqui de qualquer manifesta\u00e7\u00e3o crist\u00e3, de caridade \u201c\u00e0 imagem e \u00e0 semelhan\u00e7a de Deus\u201d, n\u00e3o, n\u00e3o estou falando disso. Estou falando de uma pessoa que era bondosa ao extremo, que gostava de ser solid\u00e1ria por acreditar nisso como um valor intr\u00ednseco \u00e0 condi\u00e7\u00e3o humana. N\u00e3o por qualquer sentimento religioso. Esque\u00e7am religi\u00e3o nesse momento.<\/span><\/h4>\n<h4 style=\"text-align: justify;\"><span style=\"color: #000000;\">Israel deixou claro para alguns amigos \u00edntimos que n\u00e3o queria manifesta\u00e7\u00f5es religiosas nesse momento. N\u00e3o queria ser tratado como anjo. Eu tenho certeza, anjo n\u00e3o. N\u00e3o falem em c\u00e9u, n\u00e3o falem em Deus, n\u00e3o falem em esp\u00edrito, em desencarna\u00e7\u00e3o, n\u00e3o falem em nada disso. Falem do homem, da condi\u00e7\u00e3o humana. Valorizem sobretudo a vida, a vida do dia-a-dia, o caminhar, o passo-a-passo, a vida dif\u00edcil, a vida de momentos felizes, o viajante que queria conhecer o mundo, que gostava das ci\u00eancias, o homem que tinha voca\u00e7\u00e3o pol\u00edtica.<\/span><\/h4>\n<p><a href=\"http:\/\/www.blogdogusmao.com.br\/v1\/wp-content\/uploads\/Israel-nunes-em-evento-do-pc-do-b.jpg\" data-slb-group=\"130380\" data-slb-active=\"1\" data-slb-internal=\"0\"><img loading=\"lazy\" class=\" wp-image-130387\" src=\"http:\/\/www.blogdogusmao.com.br\/v1\/wp-content\/uploads\/Israel-nunes-em-evento-do-pc-do-b.jpg\" alt=\"Israel em evento do PC do B. \" width=\"377\" height=\"283\" \/><\/a><\/p>\n<h4 style=\"text-align: justify;\"><span style=\"color: #000000;\">Querem homenagear Israel? Tratem com carinho o Partido Comunista do Brasil (PC do B). Ao verem o caix\u00e3o de Israel coberto por uma bandeira do Partido Comunista do Brasil, valorizem isso, respeitem a hist\u00f3ria do PC do B, os m\u00e1rtires, as figuras hist\u00f3ricas do partido que deram a vida por uma luta pol\u00edtica, pela redemocratiza\u00e7\u00e3o, pela busca de uma sociedade igualit\u00e1ria, valorizem isso. Essa \u00e9 uma boa forma de homenagear Israel.<\/span><\/h4>\n<p><a href=\"http:\/\/www.blogdogusmao.com.br\/v1\/wp-content\/uploads\/Israel-e-Stella.jpg\" data-slb-group=\"130380\" data-slb-active=\"1\" data-slb-internal=\"0\"><img loading=\"lazy\" class=\" wp-image-130393\" src=\"http:\/\/www.blogdogusmao.com.br\/v1\/wp-content\/uploads\/Israel-e-Stella.jpg\" alt=\"Israel e Stella. \" width=\"200\" height=\"177\" \/><\/a><\/p>\n<h4 style=\"text-align: justify;\"><span style=\"color: #000000;\">Confortem a esposa dele, Stella, Doutora Stella que ele tanto amava. Confortem a fam\u00edlia, o pai, Manuel, que nesse momento sente a dor, a profunda dor de ter perdido seu primog\u00eanito.<\/span><\/h4>\n<h4 style=\"text-align: justify;\"><span style=\"color: #000000;\">Valorizem o bom humor, a piada, a sacanagem que n\u00e3o \u00e9 ofensiva, a literatura. Leiam Shakespeare, porque Israel estava lendo Shakespeare. Leiam poemas sat\u00edricos. Israel se deliciava com poemas sat\u00edricos, gostava de Greg\u00f3rio de Matos.<\/span><\/h4>\n<h4 style=\"text-align: justify;\"><span style=\"color: #000000;\">Valorizem a boa gastronomia, uma calabresa com cebola (que Israel tanto gostava), o abar\u00e1, a coca-cola. Valorizem as coisas triviais da vida, porque Israel era um homem que valorizava isso, o bem-estar.<\/span><\/h4>\n<h4 style=\"text-align: justify;\"><span style=\"color: #000000;\">Querem homenagear Israel? Tratem bem os seus amigos. Ajude o seu amigo, porque Israel era uma pessoa que gostava de ajudar os amigos, que valorizava as amizades.<\/span><\/h4>\n<p><a href=\"http:\/\/www.blogdogusmao.com.br\/v1\/wp-content\/uploads\/noites-agrad%C3%A1veis-ao-lado.jpg\" data-slb-group=\"130380\" data-slb-active=\"1\" data-slb-internal=\"0\"><img loading=\"lazy\" class=\" wp-image-130386\" src=\"http:\/\/www.blogdogusmao.com.br\/v1\/wp-content\/uploads\/noites-agrad%C3%A1veis-ao-lado.jpg\" alt=\"Tivemos noites agrad\u00e1veis no &quot;Fredesko&quot;, ao de Carlos Pereira, Jos\u00e9 Henrique Abobreira e outros amigos. \" width=\"522\" height=\"392\" \/><\/a><\/p>\n<h4 style=\"text-align: justify;\"><span style=\"color: #000000;\">Querem homenagear Israel? Sejam t\u00e3o discretos quanto ele. Era um homem de profunda discri\u00e7\u00e3o, n\u00e3o gostava de expor sua vida particular. Respeitava profundamente a esposa, o pai e todos seus familiares. Gostava muito dos irm\u00e3os. Passava a impress\u00e3o que se comportava muito mais como um segundo pai dos irm\u00e3os, do que como irm\u00e3o mesmo.<\/span><\/h4>\n<h4 style=\"text-align: justify;\"><span style=\"color: #000000;\">Israel nunca procurou conforto em Deus. Nos momentos mais dif\u00edceis, procurava outras alternativas para diminuir o seu sofrimento. Chegou a estudar eletr\u00f4nica, a praticar tiro ao alvo. Israel gostava de comunica\u00e7\u00e3o, valorizava as redes sociais.<\/span><\/h4>\n<h4 style=\"text-align: justify;\"><span style=\"color: #000000;\">Se voc\u00ea quer homenagear Israel, valorize a vida, o cotidiano, o sarapatel e o mundo dos acontecimentos. Esque\u00e7a a f\u00e9, esque\u00e7a qualquer tipo de concep\u00e7\u00e3o ou ideia de c\u00e9u, de divindade. Respeitem isso, n\u00e3o encarem como uma ofensa, encarem como uma op\u00e7\u00e3o. Valorize a liberdade. Valorize o direito que o homem tem de se manifestar livremente, com desapego. Valorize a ideia do homem sem f\u00e9, mas, que nunca deixou de acreditar no homem, que nunca deixou de olhar e de lutar pelo seu semelhante. Valorize o sofrimento, a dif\u00edcil condi\u00e7\u00e3o humana.<\/span><\/h4>\n<p><a href=\"http:\/\/www.blogdogusmao.com.br\/v1\/wp-content\/uploads\/Coliseu.jpg\" data-slb-group=\"130380\" data-slb-active=\"1\" data-slb-internal=\"0\"><img loading=\"lazy\" class=\" wp-image-130395\" src=\"http:\/\/www.blogdogusmao.com.br\/v1\/wp-content\/uploads\/Coliseu.jpg\" alt=\"Israel em Roma. \" width=\"477\" height=\"268\" \/><\/a><\/p>\n<h4 style=\"text-align: justify;\"><span style=\"color: #000000;\">Esse \u00e9 um momento muito dif\u00edcil, porque morreu um homem que queria viver mais. Israel n\u00e3o queria morrer t\u00e3o cedo e lutou muito por isso, mas, se n\u00e3o lhe foi poss\u00edvel chegar aos 60, 70 anos, podemos homenage\u00e1-lo mantendo viva a sua mem\u00f3ria e mantendo vivos determinados valores que ele tanto cultivava.<\/span><\/h4>\n<h4 style=\"text-align: justify;\"><span style=\"color: #000000;\">Se voc\u00ea quer homenagear Israel hoje, respeite os \u00edndios tupinamb\u00e1s. Israel defendeu a causa do povo tupinamb\u00e1 n\u00e3o por uma obriga\u00e7\u00e3o profissional, ele acreditava na causa dos \u00edndios.<\/span><\/h4>\n<h4 style=\"text-align: justify;\"><span style=\"color: #000000;\">Nesse momento, se voc\u00ea quiser homenagear Israel, se distancie dos preconceitos. Israel era um homem sem preconceitos, se alguma vez os manifestou foi em tom de piada, mas, as piadas n\u00e3o devem ser levadas a s\u00e9rio.<\/span><\/h4>\n<h4 style=\"text-align: justify;\"><span style=\"color: #000000;\">Israel era um homem que precisava viver mais, ele queria viver mais, no entanto, isso n\u00e3o foi poss\u00edvel.<\/span><\/h4>\n<h4 style=\"text-align: justify;\"><span style=\"color: #000000;\">Se voc\u00ea quer homenagear Israel, respeite e lute por uma Ilh\u00e9us melhor. Numa das \u00faltimas conversas que tive com Israel, pelo WhatsApp, disse a ele que para mim, Ilh\u00e9us est\u00e1 cada vez pior e expus os motivos que me levavam a pensar dessa forma. Israel pediu que eu mudasse o assunto, porque isso o deprimia ainda mais. Falar da triste condi\u00e7\u00e3o de Ilh\u00e9us o deprimia. Se voc\u00ea quer homenage\u00e1-lo, lute por uma Ilh\u00e9us melhor.<\/span><\/h4>\n<h4 style=\"text-align: justify;\"><span style=\"color: #000000;\">N\u00e3o encarem essas observa\u00e7\u00f5es que fa\u00e7o sobre a triste condi\u00e7\u00e3o de Ilh\u00e9us como uma cr\u00edtica ao governante atual. Falo da cidade, da crise que ela vive. Israel sabia da crise administrativa, da dificuldade para colocar a cidade no rumo certo, ele sentia isso, mas, eu n\u00e3o quero aqui dizer que ele concordava com cr\u00edticas minhas a determinado pol\u00edtico, n\u00e3o. Ele sentia que a cidade estava muito ruim e lamentava isso.<\/span><\/h4>\n<h4 style=\"text-align: justify;\"><span style=\"color: #000000;\">Infelizmente, Israel partiu, mas, n\u00e3o ser\u00e1 esquecido por mim. Eu falo s\u00f3 por mim. Eu devia a Israel favores muito dif\u00edceis de explicar. Ele ficava desconfort\u00e1vel quando lhe agradecia. N\u00e3o gostava que eu falasse sobre o bem que ele me fez numa determinada ocasi\u00e3o.<\/span><\/h4>\n<h4 style=\"text-align: justify;\"><span style=\"color: #000000;\">Para finalizar, se voc\u00ea quer homenagear Israel, esque\u00e7a Deus, qualquer imagem ou concep\u00e7\u00e3o de Deus, mas, n\u00e3o esque\u00e7a o homem, n\u00e3o abandone os valores positivos que s\u00e3o intr\u00ednsecos ao homem.\u00a0<\/span><\/h4>\n<p>&nbsp;<\/p>\n<p><span style=\"color: #ff0000;\"><strong>Com os sentimentos da equipe R2CPRESS.<\/strong><\/span><\/p>\n<\/div>\n","protected":false},"excerpt":{"rendered":"<p>ISRAEL NUNES ACREDITAVA NO HOMEM 2\/ago\/2014 . 12:20 O editor deste blog, Em\u00edlio Gusm\u00e3o, gravou uma homenagem \u00e0 mem\u00f3ria do amigo\u00a0Israel Nunes, que faleceu na noite de sexta-feira, 1\u00ba. O vel\u00f3rio acontece na Ma\u00e7onaria da Avenida Itabuna, 130, em Ilh\u00e9us. O sepultamento ser\u00e1 \u00e0s 16 horas no Cemit\u00e9rio da Vit\u00f3ria.\u00a0 Israel\u00a0delegou uma\u00a0tarefa dif\u00edcil a\u00a0Em\u00edlio. Ou\u00e7a.\u00a0 [&hellip;]<\/p>\n","protected":false},"author":2,"featured_media":0,"comment_status":"open","ping_status":"open","sticky":false,"template":"","format":"standard","meta":{"_links_to":"","_links_to_target":""},"categories":[13],"tags":[],"_links":{"self":[{"href":"https:\/\/www.r2cpress.com.br\/v1\/wp-json\/wp\/v2\/posts\/84459"}],"collection":[{"href":"https:\/\/www.r2cpress.com.br\/v1\/wp-json\/wp\/v2\/posts"}],"about":[{"href":"https:\/\/www.r2cpress.com.br\/v1\/wp-json\/wp\/v2\/types\/post"}],"author":[{"embeddable":true,"href":"https:\/\/www.r2cpress.com.br\/v1\/wp-json\/wp\/v2\/users\/2"}],"replies":[{"embeddable":true,"href":"https:\/\/www.r2cpress.com.br\/v1\/wp-json\/wp\/v2\/comments?post=84459"}],"version-history":[{"count":4,"href":"https:\/\/www.r2cpress.com.br\/v1\/wp-json\/wp\/v2\/posts\/84459\/revisions"}],"predecessor-version":[{"id":84463,"href":"https:\/\/www.r2cpress.com.br\/v1\/wp-json\/wp\/v2\/posts\/84459\/revisions\/84463"}],"wp:attachment":[{"href":"https:\/\/www.r2cpress.com.br\/v1\/wp-json\/wp\/v2\/media?parent=84459"}],"wp:term":[{"taxonomy":"category","embeddable":true,"href":"https:\/\/www.r2cpress.com.br\/v1\/wp-json\/wp\/v2\/categories?post=84459"},{"taxonomy":"post_tag","embeddable":true,"href":"https:\/\/www.r2cpress.com.br\/v1\/wp-json\/wp\/v2\/tags?post=84459"}],"curies":[{"name":"wp","href":"https:\/\/api.w.org\/{rel}","templated":true}]}}