{"id":84491,"date":"2014-08-03T11:37:02","date_gmt":"2014-08-03T14:37:02","guid":{"rendered":"http:\/\/www.r2cpress.com.br\/v1\/?p=84491"},"modified":"2014-08-03T11:37:02","modified_gmt":"2014-08-03T14:37:02","slug":"valorizacao-sempre-descaso-nunca-mais","status":"publish","type":"post","link":"https:\/\/www.r2cpress.com.br\/v1\/2014\/08\/03\/valorizacao-sempre-descaso-nunca-mais\/","title":{"rendered":"Valoriza\u00e7\u00e3o sempre, descaso nunca mais"},"content":{"rendered":"<p><em><strong>Claudio Miyake e Marco Manfredini<\/strong><\/em><\/p>\n<p>         A cada dia, as declara\u00e7\u00f5es de candidatos a cargos pol\u00edticos em \u00f3rg\u00e3os de imprensa ganham mais espa\u00e7o. A Copa do Mundo vai chegando ao fim e as elei\u00e7\u00f5es j\u00e1 come\u00e7am a ocupar as aten\u00e7\u00f5es dos brasileiros.  Velhos e novos candidatos abordam um pouco de tudo. Muito discurso e poucas propostas concretas. Particularmente na \u00e1rea da sa\u00fade bucal, quest\u00e3o de interesse de 200 milh\u00f5es de cidad\u00e3os.<\/p>\n<p>             O Conselho Regional de Odontologia de S\u00e3o Paulo (CROSP), que representa os mais de 100 mil profissionais que atuam na \u00e1rea no estado de S\u00e3o Paulo, dentre os quais 78 mil s\u00e3o cirurgi\u00f5es-dentistas, lamenta, mas n\u00e3o estranha tal descaso.  A Odontologia deve ser valorizada como uma \u00e1rea integrante do campo da Sa\u00fade e seus profissionais s\u00e3o protagonistas destas atividades.<\/p>\n<p>                  H\u00e1 anos que os cirurgi\u00f5es-dentistas, t\u00e9cnicos e auxiliares da odontologia, vinculados \u00e0s tr\u00eas esferas de Governo (Uni\u00e3o, Estado e munic\u00edpios), lutam por uma assist\u00eancia p\u00fablica de qualidade aos pacientes e por valoriza\u00e7\u00e3o profissional. Entretanto, n\u00e3o recebemos de nossas autoridades a aten\u00e7\u00e3o que merecemos por direito.<\/p>\n<p>                     Essa indiferen\u00e7a em rela\u00e7\u00e3o ao tema inviabiliza o acesso universal, integral e equ\u00e2nime da popula\u00e7\u00e3o \u00e0 sa\u00fade bucal, garantia constitucional e dever do Estado. Tanto os pacientes quanto os cirurgi\u00f5es-dentistas tem sido prejudicados nessa equa\u00e7\u00e3o desigual.<\/p>\n<p><!--more--><\/p>\n<p>Al\u00e9m da precariedade de infraestrutura do Sistema \u00danico de Sa\u00fade, resultado de subfinanciamentos e da vis\u00e3o de sa\u00fade como mera mercadoria, h\u00e1 uma violenta e recorrente subvaloriza\u00e7\u00e3o dos profissionais.<\/p>\n<p>            Para se tornar cirurgi\u00e3o-dentista, \u00e9 preciso cursar cinco anos de faculdade, al\u00e9m de se manter atualizado sempre sobre os \u00faltimos avan\u00e7os cient\u00edficos da odontologia. Por\u00e9m, ao chegar ao mercado de trabalho, o profissional dedicado \u00e9 remunerado de forma aviltante e tem que conviver com a inexist\u00eancia de plano de cargos, carreira e sal\u00e1rios e adequadas condi\u00e7\u00f5es de trabalho.<\/p>\n<p>            Vale ressaltar que, assim como o m\u00e9dico, o cirurgi\u00e3o-dentista \u00e9 profissional da \u00e1rea da sa\u00fade que realiza atividades de alta complexidade, com similaridades quanto ao diagn\u00f3stico, prescri\u00e7\u00e3o medicamentosa e tratamento. Sendo que esses s\u00e3o profissionais competentes legalmente para realizar diagn\u00f3stico e emitir prescri\u00e7\u00e3o.<\/p>\n<p>\u00c9 por isso que historicamente pleiteamos a valoriza\u00e7\u00e3o com a isonomia salarial, assim como os m\u00e9dicos. Ali\u00e1s, foi com esse intuito que a classe odontol\u00f3gica se uniu em protesto no \u00faltimo 5 de junho, na Avenida Paulista. Na data, durante todo o dia, os profissionais da equipe de sa\u00fade bucal funcion\u00e1rios e servidores p\u00fablicos tamb\u00e9m trabalharam com uma tarja preta no jaleco, em todo o Estado.<\/p>\n<p>                              A categoria odontol\u00f3gica e os usu\u00e1rios do SUS est\u00e3o na expectativa por um debate s\u00e9rio de ideias que possam trazer mudan\u00e7as significativas no quadro que a sa\u00fade bucal p\u00fablica enfrenta atualmente.   Queremos saber as propostas dos candidatos para impulsionar o Estado, nos diferentes n\u00edveis de governo e \u00e2mbitos de poder, na supera\u00e7\u00e3o do subdimensionamento atual da rede assistencial, a fim de assegurar \u00e0 popula\u00e7\u00e3o servi\u00e7os p\u00fablicos odontol\u00f3gicos bem estruturados, com profissionais adequadamente remunerados, visando \u00e0 provis\u00e3o de cuidados odontol\u00f3gicos de qualidade e o exerc\u00edcio da sa\u00fade bucal como um direito humano universal.<\/p>\n<p>Claudio Miyake e Marco Manfredini, presidente e secret\u00e1rio geral do CROSP <\/p>\n","protected":false},"excerpt":{"rendered":"<p>Claudio Miyake e Marco Manfredini A cada dia, as declara\u00e7\u00f5es de candidatos a cargos pol\u00edticos em \u00f3rg\u00e3os de imprensa ganham mais espa\u00e7o. A Copa do Mundo vai chegando ao fim e as elei\u00e7\u00f5es j\u00e1 come\u00e7am a ocupar as aten\u00e7\u00f5es dos brasileiros. Velhos e novos candidatos abordam um pouco de tudo. Muito discurso e poucas propostas [&hellip;]<\/p>\n","protected":false},"author":2,"featured_media":0,"comment_status":"open","ping_status":"open","sticky":false,"template":"","format":"standard","meta":{"_links_to":"","_links_to_target":""},"categories":[24],"tags":[],"_links":{"self":[{"href":"https:\/\/www.r2cpress.com.br\/v1\/wp-json\/wp\/v2\/posts\/84491"}],"collection":[{"href":"https:\/\/www.r2cpress.com.br\/v1\/wp-json\/wp\/v2\/posts"}],"about":[{"href":"https:\/\/www.r2cpress.com.br\/v1\/wp-json\/wp\/v2\/types\/post"}],"author":[{"embeddable":true,"href":"https:\/\/www.r2cpress.com.br\/v1\/wp-json\/wp\/v2\/users\/2"}],"replies":[{"embeddable":true,"href":"https:\/\/www.r2cpress.com.br\/v1\/wp-json\/wp\/v2\/comments?post=84491"}],"version-history":[{"count":2,"href":"https:\/\/www.r2cpress.com.br\/v1\/wp-json\/wp\/v2\/posts\/84491\/revisions"}],"predecessor-version":[{"id":84493,"href":"https:\/\/www.r2cpress.com.br\/v1\/wp-json\/wp\/v2\/posts\/84491\/revisions\/84493"}],"wp:attachment":[{"href":"https:\/\/www.r2cpress.com.br\/v1\/wp-json\/wp\/v2\/media?parent=84491"}],"wp:term":[{"taxonomy":"category","embeddable":true,"href":"https:\/\/www.r2cpress.com.br\/v1\/wp-json\/wp\/v2\/categories?post=84491"},{"taxonomy":"post_tag","embeddable":true,"href":"https:\/\/www.r2cpress.com.br\/v1\/wp-json\/wp\/v2\/tags?post=84491"}],"curies":[{"name":"wp","href":"https:\/\/api.w.org\/{rel}","templated":true}]}}