{"id":84585,"date":"2014-08-05T15:37:34","date_gmt":"2014-08-05T18:37:34","guid":{"rendered":"http:\/\/www.r2cpress.com.br\/v1\/?p=84585"},"modified":"2014-08-05T15:37:34","modified_gmt":"2014-08-05T18:37:34","slug":"escritora-mexicana-na-academia-de-letras-de-ilheus","status":"publish","type":"post","link":"https:\/\/www.r2cpress.com.br\/v1\/2014\/08\/05\/escritora-mexicana-na-academia-de-letras-de-ilheus\/","title":{"rendered":"ESCRITORA MEXICANA NA ACADEMIA DE LETRAS DE ILH\u00c9US"},"content":{"rendered":"<p><div id=\"attachment_84586\" style=\"width: 310px\" class=\"wp-caption alignleft\"><a href=\"http:\/\/www.r2cpress.com.br\/v1\/wp-content\/uploads\/2014\/08\/Laura_Esquivel.jpg\"><img aria-describedby=\"caption-attachment-84586\" loading=\"lazy\" src=\"http:\/\/www.r2cpress.com.br\/v1\/wp-content\/uploads\/2014\/08\/Laura_Esquivel.jpg\" alt=\"Laura Esquivel.\" width=\"300\" height=\"200\" class=\"size-full wp-image-84586\" \/><\/a><p id=\"caption-attachment-84586\" class=\"wp-caption-text\">Laura Esquivel.<\/p><\/div>A Academia de Letras de Ilh\u00e9us sedia nesta semana tr\u00eas palestras com escritores nacionais e internacionais. Intitulado de \u201cSemin\u00e1rio Literatura, Sons e Sabores\u201d, agendado para acontecer na Semana Jorge Amado de Cultura e Arte, o semin\u00e1rio traz para o contexto das homenagens ao escritor palestras como \u201cAfricanias na Obra de Jorge Amado\u201d, apresentado pela professora e escritora Yeda Pessoa, no dia 7, \u00e0s 19 horas. <\/p>\n<p>Na sexta-feira  (8), a partir das 19 horas,  os trabalhos ser\u00e3o conduzidos pelo professor e escritor Marielson Carvalho e no \u00faltimo dia  (s\u00e1bado, 9), a escritora mexicana Laura Esquivel (FOTO) orienta a discuss\u00e3o \u201cLiteratura e Chocolate\u201d, programada para as 16 horas.<\/p>\n<p>O evento tem a promo\u00e7\u00e3o da Secretaria Municipal de Cultura e da Prefeitura Municipal de Ilh\u00e9us. A entrada \u00e9 gratuita e estar\u00e1 sujeita a lota\u00e7\u00e3o do espa\u00e7o.<\/p>\n","protected":false},"excerpt":{"rendered":"<p>A Academia de Letras de Ilh\u00e9us sedia nesta semana tr\u00eas palestras com escritores nacionais e internacionais. Intitulado de \u201cSemin\u00e1rio Literatura, Sons e Sabores\u201d, agendado para acontecer na Semana Jorge Amado de Cultura e Arte, o semin\u00e1rio traz para o contexto das homenagens ao escritor palestras como \u201cAfricanias na Obra de Jorge Amado\u201d, apresentado pela professora [&hellip;]<\/p>\n","protected":false},"author":2,"featured_media":0,"comment_status":"open","ping_status":"open","sticky":false,"template":"","format":"standard","meta":{"_links_to":"","_links_to_target":""},"categories":[5],"tags":[],"_links":{"self":[{"href":"https:\/\/www.r2cpress.com.br\/v1\/wp-json\/wp\/v2\/posts\/84585"}],"collection":[{"href":"https:\/\/www.r2cpress.com.br\/v1\/wp-json\/wp\/v2\/posts"}],"about":[{"href":"https:\/\/www.r2cpress.com.br\/v1\/wp-json\/wp\/v2\/types\/post"}],"author":[{"embeddable":true,"href":"https:\/\/www.r2cpress.com.br\/v1\/wp-json\/wp\/v2\/users\/2"}],"replies":[{"embeddable":true,"href":"https:\/\/www.r2cpress.com.br\/v1\/wp-json\/wp\/v2\/comments?post=84585"}],"version-history":[{"count":1,"href":"https:\/\/www.r2cpress.com.br\/v1\/wp-json\/wp\/v2\/posts\/84585\/revisions"}],"predecessor-version":[{"id":84587,"href":"https:\/\/www.r2cpress.com.br\/v1\/wp-json\/wp\/v2\/posts\/84585\/revisions\/84587"}],"wp:attachment":[{"href":"https:\/\/www.r2cpress.com.br\/v1\/wp-json\/wp\/v2\/media?parent=84585"}],"wp:term":[{"taxonomy":"category","embeddable":true,"href":"https:\/\/www.r2cpress.com.br\/v1\/wp-json\/wp\/v2\/categories?post=84585"},{"taxonomy":"post_tag","embeddable":true,"href":"https:\/\/www.r2cpress.com.br\/v1\/wp-json\/wp\/v2\/tags?post=84585"}],"curies":[{"name":"wp","href":"https:\/\/api.w.org\/{rel}","templated":true}]}}