{"id":84723,"date":"2014-08-09T21:49:09","date_gmt":"2014-08-10T00:49:09","guid":{"rendered":"http:\/\/www.r2cpress.com.br\/v1\/?p=84723"},"modified":"2014-08-09T23:05:34","modified_gmt":"2014-08-10T02:05:34","slug":"nao-estao-dando-a-atencao-devida","status":"publish","type":"post","link":"https:\/\/www.r2cpress.com.br\/v1\/2014\/08\/09\/nao-estao-dando-a-atencao-devida\/","title":{"rendered":"N\u00e3o est\u00e3o dando a devida aten\u00e7\u00e3o"},"content":{"rendered":"<p><center><div style=\"width: 522px\" class=\"wp-caption aligncenter\"><img loading=\"lazy\" src=\"https:\/\/lh4.googleusercontent.com\/-BD0Nr3xFjmk\/U-a9Z-IqGVI\/AAAAAAABaWk\/cT36hcsHkNA\/s512\/CAPA%2520R2CPRESS.jpg\" width=\"512\" height=\"512\" class \/><p class=\"wp-caption-text\">Situa\u00e7\u00e3o extremamente preocupante.<\/p><\/div>  <\/center><br \/>\n<div id=\"attachment_84724\" style=\"width: 230px\" class=\"wp-caption alignright\"><a href=\"http:\/\/www.r2cpress.com.br\/v1\/wp-content\/uploads\/2014\/08\/eu-fotografando.jpg\"><img aria-describedby=\"caption-attachment-84724\" loading=\"lazy\" class=\"size-full wp-image-84724\" src=\"http:\/\/www.r2cpress.com.br\/v1\/wp-content\/uploads\/2014\/08\/eu-fotografando.jpg\" alt=\"Essa foto foi feita pelo meu Irm\u00e3ozinho que \u00e9 o MAGO do ZAP ZAP e que ja me emplacou.\" width=\"220\" height=\"477\" srcset=\"https:\/\/www.r2cpress.com.br\/v1\/wp-content\/uploads\/2014\/08\/eu-fotografando.jpg 220w, https:\/\/www.r2cpress.com.br\/v1\/wp-content\/uploads\/2014\/08\/eu-fotografando-138x300.jpg 138w\" sizes=\"(max-width: 220px) 100vw, 220px\" \/><\/a><p id=\"caption-attachment-84724\" class=\"wp-caption-text\">Essa foto foi feita pelo meu Irm\u00e3ozinho, Reynaldo Rabat Chame que \u00e9 o MAGO do ZAP ZAP e que j\u00e1 me emplacou.<\/p><\/div><\/p>\n<p>O que comumente se escuta \u00e9 que a reden\u00e7\u00e3o econ\u00f4mica do munic\u00edpio de Ilh\u00e9us ser\u00e1 pelo turismo. As belezas naturais, repetidas vezes destacadas, n\u00e3o est\u00e3o assim t\u00e3o &#8216;contentes&#8217; com o descaso e abandono que sofrem.<br \/>\nGradativamente essas belezas v\u00e3o sendo enfeadas por conta do mais absoluto abandono que sofrem. Tomemos como exemplo esse problema que se arrasta por d\u00e9cadas e os paleativos, ao que parece, n\u00e3o est\u00e3o sendo suficientes para barrar, por exemplo, o avan\u00e7o da mar\u00e9 no in\u00edcio da rodovia Ilh\u00e9us-Itacar\u00e9,al\u00ed mesmo no comecinho conhecido como &#8220;Ponto da Carona&#8221;. Nem vamos mostrar, nem destacar a ponta do S\u00e3o Miguel. Onde fizemos as fotos e o v\u00eddeo, do alto (passeio), d\u00e1 a dimens\u00e3o exata do que est\u00e1 por acontecer.<\/p>\n<p>Pol\u00edticos dos mais variados partidos j\u00e1 se &#8220;manifestaram&#8221;, Ministro j\u00e1 esteve aqui e ficou &#8220;preocupad\u00edssimo&#8221; com o que vu (faz tempo esse), as associa\u00e7\u00f5es, moradores, comerciantes, est\u00e3o com as m\u00e3os na cabe\u00e7a temendo pelo pior que, infelizmente, se continuar essa apatia, falta de vontade pol\u00edtica, a mar\u00e9 &#8211; nessa dire\u00e7\u00e3o &#8211; vai beijar o Almada.<\/p>\n<p>Ser\u00e1 loucura imaginar que se colocar uns escapes pelo meio do porto para a corrente retomar o seu rumo n\u00e3o resolveria? a praia da Soares Lopes voltaria em grande estilo (com ou sem saudosismo), a do Pontal idem e as coisas se normalizariam. Se a Soares Lopes ou Parque Ariston Cardoso tem dias que mais parece filme de assombra\u00e7\u00e3o ent\u00e3o deixa o mar voltar que ele embeleza mais do que mato, cobra, lixo e outras imoralidades mais.<\/p>\n<p>O nosso prefeito sempre fala em Dilma e Wagner como se fossem velhos companheiros ou colegas de inf\u00e2ncia do tipo j\u00e1 jogaram gude, brincaram de soldado-ladr\u00e3o, pularam corda etc e, com essa intimidade toda, n\u00e3o consegue resolver esse problema que se arrasta por tanto tempo e que tanto incomoda? Pior mesmo \u00e9 quando ele diz: estamos avan\u00e7aaaannnnnnnnnnnnnnnnnnnnndo com a sua t\u00e3o bel\u00edssima quanto inimit\u00e1vel voz &#8230;<\/p>\n<p>Nem vou continuar nessa linha porque &#8220;Brasinha&#8221; quer ser ressuscitado e fica com aquele garfinho me cutucando preu lembrar dele e traz\u00ea-lo de volta pra cumprir pauta&#8230; AQUELES dos &#8220;assuntos especiais&#8221; &#8230; que tanto fizeram sucesso e colocava saia justa (tem uns que gostam) em alguns dos nossos atuantes pol\u00edticos&#8230;<\/p>\n<p><center><img loading=\"lazy\" src=\"https:\/\/lh5.googleusercontent.com\/-jqeQNJ19hOA\/U-a---WDFBI\/AAAAAAABaXE\/7ZuEpyA4l2U\/s550\/S%25C3%2583O%2520MIGUEL%252001.JPG\" width=\"550\" height=\"413\" class=\"aligncenter\" \/><img loading=\"lazy\" src=\"https:\/\/lh3.googleusercontent.com\/-wECKHvupNK4\/U-a--QSvPII\/AAAAAAABaW8\/jDgtkdAi6xE\/s550\/S%25C3%2583O%2520MIGUEL%252002.JPG\" width=\"550\" height=\"413\" class=\"aligncenter\" \/><img loading=\"lazy\" src=\"https:\/\/lh5.googleusercontent.com\/-QP-rwjriTYs\/U-a--zuPRKI\/AAAAAAABaXA\/bZjxzQL_3jI\/s550\/S%25C3%2583O%2520MIGUEL%252003.JPG\" width=\"550\" height=\"413\" class=\"aligncenter\" \/><img loading=\"lazy\" src=\"https:\/\/lh5.googleusercontent.com\/-VsDPwcmU2mU\/U-a_ARX5oMI\/AAAAAAABaXM\/VnUM9X0oPe0\/s550\/S%25C3%2583O%2520MIGUEL%252004.JPG\" width=\"550\" height=\"413\" class=\"aligncenter\" \/><iframe loading=\"lazy\" width=\"550\" height=\"315\" src=\"\/\/www.youtube.com\/embed\/I5fWxNUPC4s\" frameborder=\"0\" allowfullscreen><\/iframe><br \/>\n<\/center><\/p>\n<p><center><strong>VEJA FOTOS CLICANDO<\/strong> <a href = \"https:\/\/picasaweb.google.com\/103663298022228975452\/TRIATHLON_07AbrilDe2012_ILHEUS_BAHIA_AABBCAMPEONATODEFUTEBOL2012PRESIDIOEM072012?noredirect=1#6045727803665160530\" target = \"_news\"><b>AQUI<\/b><\/a> <strong>E DEPOIS NA SETA PARA AVAN\u00c7AR.<\/strong><\/center><\/p>\n<p>Gostaria de saber do governo municipal, estadual, federal, ministros, deputados &#8220;com fort\u00edssimas liga\u00e7\u00f5es com a cidade&#8221; quando \u00e9 mesmo que essa inaceit\u00e1vel situa\u00e7\u00e3o TER\u00c1 UM FIM.<\/p>\n<p>Fraternal abra\u00e7o e fique com <strong>DEUS <\/strong>(Sempre!).<\/p>\n<p>Rabat;<\/p>\n","protected":false},"excerpt":{"rendered":"<p>O que comumente se escuta \u00e9 que a reden\u00e7\u00e3o econ\u00f4mica do munic\u00edpio de Ilh\u00e9us ser\u00e1 pelo turismo. As belezas naturais, repetidas vezes destacadas, n\u00e3o est\u00e3o assim t\u00e3o &#8216;contentes&#8217; com o descaso e abandono que sofrem. Gradativamente essas belezas v\u00e3o sendo enfeadas por conta do mais absoluto abandono que sofrem. Tomemos como exemplo esse problema que [&hellip;]<\/p>\n","protected":false},"author":2,"featured_media":0,"comment_status":"open","ping_status":"open","sticky":false,"template":"","format":"standard","meta":{"_links_to":"","_links_to_target":""},"categories":[20],"tags":[],"_links":{"self":[{"href":"https:\/\/www.r2cpress.com.br\/v1\/wp-json\/wp\/v2\/posts\/84723"}],"collection":[{"href":"https:\/\/www.r2cpress.com.br\/v1\/wp-json\/wp\/v2\/posts"}],"about":[{"href":"https:\/\/www.r2cpress.com.br\/v1\/wp-json\/wp\/v2\/types\/post"}],"author":[{"embeddable":true,"href":"https:\/\/www.r2cpress.com.br\/v1\/wp-json\/wp\/v2\/users\/2"}],"replies":[{"embeddable":true,"href":"https:\/\/www.r2cpress.com.br\/v1\/wp-json\/wp\/v2\/comments?post=84723"}],"version-history":[{"count":8,"href":"https:\/\/www.r2cpress.com.br\/v1\/wp-json\/wp\/v2\/posts\/84723\/revisions"}],"predecessor-version":[{"id":84729,"href":"https:\/\/www.r2cpress.com.br\/v1\/wp-json\/wp\/v2\/posts\/84723\/revisions\/84729"}],"wp:attachment":[{"href":"https:\/\/www.r2cpress.com.br\/v1\/wp-json\/wp\/v2\/media?parent=84723"}],"wp:term":[{"taxonomy":"category","embeddable":true,"href":"https:\/\/www.r2cpress.com.br\/v1\/wp-json\/wp\/v2\/categories?post=84723"},{"taxonomy":"post_tag","embeddable":true,"href":"https:\/\/www.r2cpress.com.br\/v1\/wp-json\/wp\/v2\/tags?post=84723"}],"curies":[{"name":"wp","href":"https:\/\/api.w.org\/{rel}","templated":true}]}}