{"id":84872,"date":"2014-08-13T14:20:00","date_gmt":"2014-08-13T17:20:00","guid":{"rendered":"http:\/\/www.r2cpress.com.br\/v1\/?p=84872"},"modified":"2014-08-13T14:22:04","modified_gmt":"2014-08-13T17:22:04","slug":"aprag-alerta-seis-regioes-brasileiras-registram-casos-de-meningite-transmitida-por-caramujos-e-roedores","status":"publish","type":"post","link":"https:\/\/www.r2cpress.com.br\/v1\/2014\/08\/13\/aprag-alerta-seis-regioes-brasileiras-registram-casos-de-meningite-transmitida-por-caramujos-e-roedores\/","title":{"rendered":"APRAG ALERTA &#8211; Seis regi\u00f5es brasileiras registram casos de meningite transmitida por caramujos e roedores"},"content":{"rendered":"<p style=\"font-weight: bold; color: #222222;\"><em><strong>S\u00e9rgio Bocalini*<\/strong><\/em><\/p>\n<p style=\"color: #222222;\"><i>Larvas ingeridas entram em contato com as meninges e podem evoluir para infec\u00e7\u00e3o em camada mais interna do c\u00e9rebro. Especialista d\u00e1 dicas para consumo de hortali\u00e7as e fala de cuidado com crian\u00e7as pequenas<\/i><\/p>\n<div style=\"color: #222222;\">\n<p><a href=\"http:\/\/www.r2cpress.com.br\/v1\/wp-content\/uploads\/2014\/08\/CARAMUJO.jpg\"><img loading=\"lazy\" src=\"http:\/\/www.r2cpress.com.br\/v1\/wp-content\/uploads\/2014\/08\/CARAMUJO.jpg\" alt=\"CARAMUJO\" width=\"300\" height=\"225\" class=\"alignleft size-full wp-image-84876\" \/><\/a>Um levantamento realizado pela revista cient\u00edfica Mem\u00f3rias do Instituto Oswaldso Cruz mostra que desde 2006 foram registrados 34 diagn\u00f3sticos de pessoas contaminadas com meningite eosinof\u00edlica, causada por um parasita, o\u00a0<em>Angiostrongylus cantonensis<\/em>. O crescimento ocorreu em regi\u00f5es costeiras, como Bahia, Esp\u00edrito Santo, Pernambuco, Rio de Janeiro e S\u00e3o Paulo, onde foram encontradas amostras de moluscos e ratos infectados pelo verme.<\/p>\n<p>O estudo aponta que o Caramujo Gigante Africano \u00e9 o vetor mais frequente do verme cantonensis no Brasil. Os caramujos ingerem fezes de roedores contaminadas com as larvas do verme. E ao se locomovem, liberam um muco, que tamb\u00e9m cont\u00e9m larvas. A ingest\u00e3o deste muco pode infectar os humanos, que consomem legumes, verduras, e frutas mal lavados, por exemplo.<\/p>\n<p>Acompanhe as dicas do\u00a0bi\u00f3logo e especialista em entomologia urbana, S\u00e9rgio Bocalini,\u00a0vice-presidente executivo da Associa\u00e7\u00e3o dos Controladores e Vetores de Pragas Urbanas (APRAG) de como evitar o contato com esta esp\u00e9cia de molusco, que virou praga no Pa\u00eds:<\/p>\n<p><strong>Como controlar caramujos gigantes?<\/strong><\/p>\n<p><!--more--><\/p>\n<p>Voc\u00ea precisa ficar preocupado,\u00a0\u00a0pois se o caramujo que voc\u00ea esta encontrando for o caramujo africano, ele\u00a0alem de trazer preju\u00edzos \u00e0 agricultura \u00e9 vetor de v\u00e1rias doen\u00e7as.<\/p>\n<p>Sugerimos que antes de mais nada, que voc\u00ea entre em contato com a\u00a0Sucen da sua regi\u00e3o, pedindo uma orienta\u00e7\u00e3o e relatando suas preocupa\u00e7\u00f5es.<\/p>\n<p>Se voc\u00ea n\u00e3o conseguir ajuda das autoridades, e caso queira fazer uma frente de combate, sugerimos seguir as instru\u00e7\u00f5es da Comiss\u00e3o Interinstitucional para o Ordenamento e Normatiza\u00e7\u00e3o da cria\u00e7\u00e3o da Esp\u00e9cie Ex\u00f3tica Achatina fulica, abaixo:<\/p>\n<p><strong>\u00a0 \u00a0 \u00a0 \u00a0\u00a0<\/strong>1.<strong>\u00a0<\/strong>Em hip\u00f3tese alguma, moluscos capturados no ambiente podem ser comidos ou criados.<\/p>\n<ol start=\"2\">\n<li>Encontrando moluscos e\/ou ovos em sua casa, capture-os com as m\u00e3os protegidas por um saco pl\u00e1stico ou luva.<\/li>\n<li>Capturar os moluscos no crep\u00fasculo e\/ou dias nublados e chuvosos, pois saem de seus abrigos em maior n\u00famero.<\/li>\n<li>Destruir os moluscos encontrados no peridomic\u00edlio e em terrenos baldios colocando-os em um balde com \u00e1gua e bastante sal de cozinha (NaCl) at\u00e9 n\u00e3o apresentarem qualquer sinal de movimento. Quebrar as conchas para que a \u00e1gua da chuva n\u00e3o fique nelas empossada e, posteriormente, enterrar ou por no lixo.<\/li>\n<li>Os ovos, pequenos, de cor clara e duros, devem ser destru\u00eddos por fervura em \u00e1gua antes de coloc\u00e1-los no lixo.<\/li>\n<li>Evitar manusear outras esp\u00e9cies de moluscos como lesmas e carac\u00f3is de jardim, pois podem ser, tamb\u00e9m, hospedeiros de Angiostrongil\u00edase, principalmente em ambientes contaminados e com presen\u00e7a de roedores.<\/li>\n<li>Lavar cuidadosamente e desinfetar com solu\u00e7\u00e3o clorada todas as hortali\u00e7as folhosas que ser\u00e3o consumidas cruas.<\/li>\n<li>Manter quintais, jardins e terrenos limpos e livres de entulho e lixo.<\/li>\n<\/ol>\n<p><em><strong>S\u00e9rgio Bocalini &#8211; Vice-presidente executivo da APRAG &#8211; Associa\u00e7\u00e3o dos Controladores e Vetores de Pragas Urbanas. \u00c9 Bi\u00f3logo, Especialista em Entomologia Urbana &#8211; UNESP \/ Rio Claro, Mestrando em Sa\u00fade P\u00fablica FSP \/ USP, Gestor de Rela\u00e7\u00f5es Institucionais FEPRAG, Conselheiro AEAPRAG, Coordenador GT \/ CFBio, al\u00e9m de Professor Universit\u00e1rio da UNG e Consultor Ambiental.<\/strong><\/em><\/p>\n<\/div>\n<p><!--more--><\/p>\n<p><!--more--><\/p>\n<p><!--more--><\/p>\n<p><!--more--><\/p>\n","protected":false},"excerpt":{"rendered":"<p>S\u00e9rgio Bocalini* Larvas ingeridas entram em contato com as meninges e podem evoluir para infec\u00e7\u00e3o em camada mais interna do c\u00e9rebro. Especialista d\u00e1 dicas para consumo de hortali\u00e7as e fala de cuidado com crian\u00e7as pequenas Um levantamento realizado pela revista cient\u00edfica Mem\u00f3rias do Instituto Oswaldso Cruz mostra que desde 2006 foram registrados 34 diagn\u00f3sticos de [&hellip;]<\/p>\n","protected":false},"author":2,"featured_media":0,"comment_status":"open","ping_status":"open","sticky":false,"template":"","format":"standard","meta":{"_links_to":"","_links_to_target":""},"categories":[24],"tags":[],"_links":{"self":[{"href":"https:\/\/www.r2cpress.com.br\/v1\/wp-json\/wp\/v2\/posts\/84872"}],"collection":[{"href":"https:\/\/www.r2cpress.com.br\/v1\/wp-json\/wp\/v2\/posts"}],"about":[{"href":"https:\/\/www.r2cpress.com.br\/v1\/wp-json\/wp\/v2\/types\/post"}],"author":[{"embeddable":true,"href":"https:\/\/www.r2cpress.com.br\/v1\/wp-json\/wp\/v2\/users\/2"}],"replies":[{"embeddable":true,"href":"https:\/\/www.r2cpress.com.br\/v1\/wp-json\/wp\/v2\/comments?post=84872"}],"version-history":[{"count":4,"href":"https:\/\/www.r2cpress.com.br\/v1\/wp-json\/wp\/v2\/posts\/84872\/revisions"}],"predecessor-version":[{"id":84877,"href":"https:\/\/www.r2cpress.com.br\/v1\/wp-json\/wp\/v2\/posts\/84872\/revisions\/84877"}],"wp:attachment":[{"href":"https:\/\/www.r2cpress.com.br\/v1\/wp-json\/wp\/v2\/media?parent=84872"}],"wp:term":[{"taxonomy":"category","embeddable":true,"href":"https:\/\/www.r2cpress.com.br\/v1\/wp-json\/wp\/v2\/categories?post=84872"},{"taxonomy":"post_tag","embeddable":true,"href":"https:\/\/www.r2cpress.com.br\/v1\/wp-json\/wp\/v2\/tags?post=84872"}],"curies":[{"name":"wp","href":"https:\/\/api.w.org\/{rel}","templated":true}]}}