{"id":85051,"date":"2014-08-18T11:46:19","date_gmt":"2014-08-18T14:46:19","guid":{"rendered":"http:\/\/www.r2cpress.com.br\/v1\/?p=85051"},"modified":"2014-08-18T11:46:19","modified_gmt":"2014-08-18T14:46:19","slug":"itacare-moradores-da-vila-marambaia-denunciam-descarte-irregular-de-lixo-na-localidade","status":"publish","type":"post","link":"https:\/\/www.r2cpress.com.br\/v1\/2014\/08\/18\/itacare-moradores-da-vila-marambaia-denunciam-descarte-irregular-de-lixo-na-localidade\/","title":{"rendered":"Itacar\u00e9: Moradores da Vila Marambaia denunciam descarte irregular de lixo na localidade."},"content":{"rendered":"<div style=\"color: #000000;\">\n<div id=\"attachment_85052\" style=\"width: 560px\" class=\"wp-caption aligncenter\"><a href=\"http:\/\/www.r2cpress.com.br\/v1\/wp-content\/uploads\/2014\/08\/011.jpg\"><img aria-describedby=\"caption-attachment-85052\" loading=\"lazy\" class=\"size-full wp-image-85052\" src=\"http:\/\/www.r2cpress.com.br\/v1\/wp-content\/uploads\/2014\/08\/011.jpg\" alt=\"01\" width=\"550\" height=\"413\" srcset=\"https:\/\/www.r2cpress.com.br\/v1\/wp-content\/uploads\/2014\/08\/011.jpg 550w, https:\/\/www.r2cpress.com.br\/v1\/wp-content\/uploads\/2014\/08\/011-300x225.jpg 300w\" sizes=\"(max-width: 550px) 100vw, 550px\" \/><\/a><p id=\"caption-attachment-85052\" class=\"wp-caption-text\">01<\/p><\/div>\n<\/div>\n<div style=\"color: #000000;\">Os Moradores da Vila Marambaia no Km 06 em Itacar\u00e9, est\u00e3o revoltados com o descarte irregular de lixo que vem ocorrendo cerca de uma semana na localidade. O lixo est\u00e1 sendo despejado no local onde aconteceu os shows do Surf Eco Festival no ano passado, e para manquear a a\u00e7\u00e3o os respons\u00e1veis est\u00e3o jogando o lixo e cobrindo com terra.<\/div>\n<div style=\"color: #000000;\"><\/div>\n<div style=\"color: #000000;\">Talvez, o que muitos n\u00e3o saibem, \u00e9 que tais atos constituem crimes ambientais, previstos na lei<b><span style=\"color: #ffa500;\">\u00a0<a style=\"color: #389ed1;\" href=\"http:\/\/legislacao.planalto.gov.br\/legisla\/legislacao.nsf\/Viw_Identificacao\/lei%209.605-1998?OpenDocument\">Lei N\u00ba 9.605, de 12 de fevereiro de 1998<\/a>,<\/span><\/b>\u00a0art. 54- \u201cCausar polui\u00e7\u00e3o de qualquer natureza em n\u00edveis tais que resultem ou possam resultar em danos \u00e0 sa\u00fade humana, ou que provoquem a mortandade de animais ou a destrui\u00e7\u00e3o significativa da flora\u201d, pode levar multa e pris\u00e3o.<\/div>\n<div style=\"color: #000000;\">\n<div id=\"attachment_85053\" style=\"width: 560px\" class=\"wp-caption aligncenter\"><a href=\"http:\/\/www.r2cpress.com.br\/v1\/wp-content\/uploads\/2014\/08\/021.jpg\"><img aria-describedby=\"caption-attachment-85053\" loading=\"lazy\" class=\"size-full wp-image-85053\" src=\"http:\/\/www.r2cpress.com.br\/v1\/wp-content\/uploads\/2014\/08\/021.jpg\" alt=\"02\" width=\"550\" height=\"413\" srcset=\"https:\/\/www.r2cpress.com.br\/v1\/wp-content\/uploads\/2014\/08\/021.jpg 550w, https:\/\/www.r2cpress.com.br\/v1\/wp-content\/uploads\/2014\/08\/021-300x225.jpg 300w\" sizes=\"(max-width: 550px) 100vw, 550px\" \/><\/a><p id=\"caption-attachment-85053\" class=\"wp-caption-text\">02<\/p><\/div>\n<div id=\"attachment_85054\" style=\"width: 560px\" class=\"wp-caption aligncenter\"><a href=\"http:\/\/www.r2cpress.com.br\/v1\/wp-content\/uploads\/2014\/08\/031.jpg\"><img aria-describedby=\"caption-attachment-85054\" loading=\"lazy\" class=\"size-full wp-image-85054\" src=\"http:\/\/www.r2cpress.com.br\/v1\/wp-content\/uploads\/2014\/08\/031.jpg\" alt=\"03\" width=\"550\" height=\"413\" srcset=\"https:\/\/www.r2cpress.com.br\/v1\/wp-content\/uploads\/2014\/08\/031.jpg 550w, https:\/\/www.r2cpress.com.br\/v1\/wp-content\/uploads\/2014\/08\/031-300x225.jpg 300w\" sizes=\"(max-width: 550px) 100vw, 550px\" \/><\/a><p id=\"caption-attachment-85054\" class=\"wp-caption-text\">03<\/p><\/div>\n<p><div id=\"attachment_85055\" style=\"width: 560px\" class=\"wp-caption aligncenter\"><a href=\"http:\/\/www.r2cpress.com.br\/v1\/wp-content\/uploads\/2014\/08\/042.jpg\"><img aria-describedby=\"caption-attachment-85055\" loading=\"lazy\" class=\"size-full wp-image-85055\" src=\"http:\/\/www.r2cpress.com.br\/v1\/wp-content\/uploads\/2014\/08\/042.jpg\" alt=\"04\" width=\"550\" height=\"413\" srcset=\"https:\/\/www.r2cpress.com.br\/v1\/wp-content\/uploads\/2014\/08\/042.jpg 550w, https:\/\/www.r2cpress.com.br\/v1\/wp-content\/uploads\/2014\/08\/042-300x225.jpg 300w\" sizes=\"(max-width: 550px) 100vw, 550px\" \/><\/a><p id=\"caption-attachment-85055\" class=\"wp-caption-text\">04<\/p><\/div> <\/div>\n<p>&#8212;<br \/>\nNo <a href = \"http:\/\/www.itacareurgente.com.br\/index.php\/itacare-urgente\/todas-as-noticias\/rss-itacare-urgente\/4112-itacare-moradores-da-vila-marambaia-denunciam-descarte-irregular-de-lixo-na-localidade\" target = \"_news\"><b>ITACAR\u00c9 URGENTE.<\/b><\/a><\/p>\n","protected":false},"excerpt":{"rendered":"<p>Os Moradores da Vila Marambaia no Km 06 em Itacar\u00e9, est\u00e3o revoltados com o descarte irregular de lixo que vem ocorrendo cerca de uma semana na localidade. O lixo est\u00e1 sendo despejado no local onde aconteceu os shows do Surf Eco Festival no ano passado, e para manquear a a\u00e7\u00e3o os respons\u00e1veis est\u00e3o jogando o [&hellip;]<\/p>\n","protected":false},"author":2,"featured_media":0,"comment_status":"open","ping_status":"open","sticky":false,"template":"","format":"standard","meta":{"_links_to":"","_links_to_target":""},"categories":[13],"tags":[],"_links":{"self":[{"href":"https:\/\/www.r2cpress.com.br\/v1\/wp-json\/wp\/v2\/posts\/85051"}],"collection":[{"href":"https:\/\/www.r2cpress.com.br\/v1\/wp-json\/wp\/v2\/posts"}],"about":[{"href":"https:\/\/www.r2cpress.com.br\/v1\/wp-json\/wp\/v2\/types\/post"}],"author":[{"embeddable":true,"href":"https:\/\/www.r2cpress.com.br\/v1\/wp-json\/wp\/v2\/users\/2"}],"replies":[{"embeddable":true,"href":"https:\/\/www.r2cpress.com.br\/v1\/wp-json\/wp\/v2\/comments?post=85051"}],"version-history":[{"count":3,"href":"https:\/\/www.r2cpress.com.br\/v1\/wp-json\/wp\/v2\/posts\/85051\/revisions"}],"predecessor-version":[{"id":85058,"href":"https:\/\/www.r2cpress.com.br\/v1\/wp-json\/wp\/v2\/posts\/85051\/revisions\/85058"}],"wp:attachment":[{"href":"https:\/\/www.r2cpress.com.br\/v1\/wp-json\/wp\/v2\/media?parent=85051"}],"wp:term":[{"taxonomy":"category","embeddable":true,"href":"https:\/\/www.r2cpress.com.br\/v1\/wp-json\/wp\/v2\/categories?post=85051"},{"taxonomy":"post_tag","embeddable":true,"href":"https:\/\/www.r2cpress.com.br\/v1\/wp-json\/wp\/v2\/tags?post=85051"}],"curies":[{"name":"wp","href":"https:\/\/api.w.org\/{rel}","templated":true}]}}