{"id":85101,"date":"2014-08-19T13:55:43","date_gmt":"2014-08-19T16:55:43","guid":{"rendered":"http:\/\/www.r2cpress.com.br\/v1\/?p=85101"},"modified":"2014-08-19T13:55:43","modified_gmt":"2014-08-19T16:55:43","slug":"conversa-com-ministerio-publico","status":"publish","type":"post","link":"https:\/\/www.r2cpress.com.br\/v1\/2014\/08\/19\/conversa-com-ministerio-publico\/","title":{"rendered":"Conversa com Minist\u00e9rio P\u00fablico"},"content":{"rendered":"<p>O procurador-geral de Justi\u00e7a M\u00e1rcio Fahel estar\u00e1 nos pr\u00f3ximos dias 21 e 22 de agosto, em Ilh\u00e9us e Itabuna, para ouvir as demandas das comunidades da regi\u00e3o relacionadas \u00e0s \u00e1reas de atua\u00e7\u00e3o do MP. A iniciativa faz parte do projeto \u201cConversa com o Minist\u00e9rio P\u00fablico\u201d\u009d, que tem como objetivo promover uma maior integra\u00e7\u00e3o da institui\u00e7\u00e3o com as comunidades do interior do estado.<\/p>\n<p>Nas reuni\u00f5es p\u00fablicas, o procurador-geral de Justi\u00e7a real\u00e7ar\u00e1 o papel da institui\u00e7\u00e3o na sociedade, apresentar\u00e1 os projetos estrat\u00e9gicos em execu\u00e7\u00e3o e ouvir\u00e1 as demandas da popula\u00e7\u00e3o local. O chefe do MP tamb\u00e9m se reunir\u00e1 com os promotores de Justi\u00e7a e servidores que atuam nas regionais.<\/p>\n<p>A primeira reuni\u00e3o p\u00fablica ser\u00e1 em Ilh\u00e9us, na quarta-feira, dia 21, das 8:30 \u00e0s 12h, no audit\u00f3rio da Justi\u00e7a Federal. O evento \u00e9 direcionado \u00e0s comunidades dos munic\u00edpios de Canavieiras, Ilh\u00e9us, Itacar\u00e9, Mara\u00fa, Santa Luzia, Una e Uru\u00e7uca.<\/p>\n<p>No dia seguinte (22), o projeto ser\u00e1 realizado em Itabuna, no mesmo hor\u00e1rio, na FTC. As comunidades de Aurelino Leal, Barro Preto, Buerarema, Camacan, Coaraci, Ibicara\u00ed, Ibirapitanga, Itabuna, Itaju\u00edpe, Itapitanga, Pau Brasil, Ubaitaba e Ubat\u00e3, est\u00e3o convidadas a participar da reuni\u00e3o.<\/p>\n<p><strong>Sobre o projeto<\/strong> &#8211; O \u201cConversa com o Minist\u00e9rio P\u00fablico\u201d prev\u00ea a realiza\u00e7\u00e3o de reuni\u00f5es com o procurador-geral de Justi\u00e7a nas 29 Promotorias de Justi\u00e7a Regionais, para ouvir as demandas da popula\u00e7\u00e3o dos munic\u00edpios que as integram e promover os devidos encaminhamentos. Os encontros j\u00e1 foram realizados em Porto Seguro, Eun\u00e1polis, Irec\u00ea e Seabra. Tamb\u00e9m receber\u00e3o o projeto as cidades de Alagoinhas, Barreiras, Bom Jesus da Lapa, Brumado, Cama\u00e7ari, Feira de Santana, Euclides da Cunha, Guanambi, Ibotirama, Itaberaba, Itapetinga, Jacobina, Jequi\u00e9, Juazeiro, Paulo Afonso, Santa Maria da Vit\u00f3ria, Santo Ant\u00f4nio de Jesus, Senhor do Bonfim, Serrinha, Sim\u00f5es Filho, Teixeira de Freitas, Valen\u00e7a e Vit\u00f3ria da Conquista. Mais informa\u00e7\u00f5es sobre o projeto podem ser obtidas no site www.mpba.mp.br.        <\/p>\n","protected":false},"excerpt":{"rendered":"<p>O procurador-geral de Justi\u00e7a M\u00e1rcio Fahel estar\u00e1 nos pr\u00f3ximos dias 21 e 22 de agosto, em Ilh\u00e9us e Itabuna, para ouvir as demandas das comunidades da regi\u00e3o relacionadas \u00e0s \u00e1reas de atua\u00e7\u00e3o do MP. A iniciativa faz parte do projeto \u201cConversa com o Minist\u00e9rio P\u00fablico\u201d\u009d, que tem como objetivo promover uma maior integra\u00e7\u00e3o da institui\u00e7\u00e3o [&hellip;]<\/p>\n","protected":false},"author":2,"featured_media":0,"comment_status":"open","ping_status":"open","sticky":false,"template":"","format":"standard","meta":{"_links_to":"","_links_to_target":""},"categories":[13],"tags":[],"_links":{"self":[{"href":"https:\/\/www.r2cpress.com.br\/v1\/wp-json\/wp\/v2\/posts\/85101"}],"collection":[{"href":"https:\/\/www.r2cpress.com.br\/v1\/wp-json\/wp\/v2\/posts"}],"about":[{"href":"https:\/\/www.r2cpress.com.br\/v1\/wp-json\/wp\/v2\/types\/post"}],"author":[{"embeddable":true,"href":"https:\/\/www.r2cpress.com.br\/v1\/wp-json\/wp\/v2\/users\/2"}],"replies":[{"embeddable":true,"href":"https:\/\/www.r2cpress.com.br\/v1\/wp-json\/wp\/v2\/comments?post=85101"}],"version-history":[{"count":3,"href":"https:\/\/www.r2cpress.com.br\/v1\/wp-json\/wp\/v2\/posts\/85101\/revisions"}],"predecessor-version":[{"id":85104,"href":"https:\/\/www.r2cpress.com.br\/v1\/wp-json\/wp\/v2\/posts\/85101\/revisions\/85104"}],"wp:attachment":[{"href":"https:\/\/www.r2cpress.com.br\/v1\/wp-json\/wp\/v2\/media?parent=85101"}],"wp:term":[{"taxonomy":"category","embeddable":true,"href":"https:\/\/www.r2cpress.com.br\/v1\/wp-json\/wp\/v2\/categories?post=85101"},{"taxonomy":"post_tag","embeddable":true,"href":"https:\/\/www.r2cpress.com.br\/v1\/wp-json\/wp\/v2\/tags?post=85101"}],"curies":[{"name":"wp","href":"https:\/\/api.w.org\/{rel}","templated":true}]}}