{"id":85111,"date":"2014-08-19T16:39:44","date_gmt":"2014-08-19T19:39:44","guid":{"rendered":"http:\/\/www.r2cpress.com.br\/v1\/?p=85111"},"modified":"2014-08-19T16:39:44","modified_gmt":"2014-08-19T19:39:44","slug":"tempestade-em-poca-de-lama","status":"publish","type":"post","link":"https:\/\/www.r2cpress.com.br\/v1\/2014\/08\/19\/tempestade-em-poca-de-lama\/","title":{"rendered":"Tempestade em po\u00e7a de lama"},"content":{"rendered":"<p><img loading=\"lazy\" class=\"alignleft\" src=\"http:\/\/www.r2cpress.com.br\/v1\/wp-content\/uploads\/Rabat-branco.jpg\" alt=\"\" width=\"208\" height=\"245\" \/>N\u00e3o vejo \u2018com bons olhos\u2019 essa mobiliza\u00e7\u00e3o dos colegas que fazem quest\u00e3o de trabalhar na C\u00e2mara; isto porque, o alvo das informa\u00e7\u00f5es, (O POVO) n\u00e3o est\u00e1 nem ai para o Legislativo. Pelo contr\u00e1rio, est\u00e1 enojado com a postura daquela casa de leis e decidiu optar por jogar dama na JJ Seabra ou conversa fora nos banquinhos ali existentes&#8230; O plen\u00e1rio vive \u00e0s moscas e o que mais se espera de um \u2018representante\u2019 n\u00e3o acontece. O vereador por tantas a\u00e7\u00f5es incompat\u00edveis com as necessidades da municipalidade despencou feio e \u00e9 visto, sem ressalva, como um, apenas, ganhador de sal\u00e1rio e no mole.<\/p>\n<p>O questionamento pode ser feito no sentido inverso: gravando ou n\u00e3o, fotografandoi ou n\u00e3o, filmando ou n\u00e3o far\u00e1 alguma diferen\u00e7a? O Term\u00f4metro \u00e9 e sempre ser\u00e1 a OPINI\u00c3O P\u00daBLICA. Esse alvoro\u00e7o todo fica mais parecendo que aquela casa \u00e9 um exemplo de dedica\u00e7\u00e3o de sobrecarga de trabalho e , resumindo, de uma fonte inesgot\u00e1vel de boas not\u00edcias para a sociedade o \u00a0que, VERDADEIRAMENTE, N\u00c3O \u00c9.<\/p>\n<p>Estamos na era digital. Querendo \u2013 quem quer \u2013 grava nas barbas do vereador, filma de qualquer \u00e2ngulo e todos eles comer\u00e3o mosca em cima de uma imoralidade qualquer que cometam.<\/p>\n<p>Uma casa que n\u00e3o reflete os anseios de uma popula\u00e7\u00e3o n\u00e3o pode ser levada a s\u00e9rio. Quem est\u00e1 querendo saber o que acontece entre um poder e outro se de benef\u00edcio nada de concreto se verifica?<\/p>\n<p>O povo, culpado disso tudo, tem que engolir em seco porque venderam voto e consci\u00eancia e alguns cobram traspar\u00eancia\u00a0\u00a0 numa vidra\u00e7a embassada por aus\u00eancia de car\u00e1ter, compromisso e \u00e9tica desses que se dizem vereador?<\/p>\n<p>Dignos de um distanciamento cada vez maior&#8230; por parte daqueles que s\u00e3o ou \u00a0no m\u00ednimo se consideram s\u00e9rios.<\/p>\n<p>Rabat.<\/p>\n","protected":false},"excerpt":{"rendered":"<p>N\u00e3o vejo \u2018com bons olhos\u2019 essa mobiliza\u00e7\u00e3o dos colegas que fazem quest\u00e3o de trabalhar na C\u00e2mara; isto porque, o alvo das informa\u00e7\u00f5es, (O POVO) n\u00e3o est\u00e1 nem ai para o Legislativo. Pelo contr\u00e1rio, est\u00e1 enojado com a postura daquela casa de leis e decidiu optar por jogar dama na JJ Seabra ou conversa fora nos [&hellip;]<\/p>\n","protected":false},"author":2,"featured_media":0,"comment_status":"open","ping_status":"open","sticky":false,"template":"","format":"standard","meta":{"_links_to":"","_links_to_target":""},"categories":[20],"tags":[],"_links":{"self":[{"href":"https:\/\/www.r2cpress.com.br\/v1\/wp-json\/wp\/v2\/posts\/85111"}],"collection":[{"href":"https:\/\/www.r2cpress.com.br\/v1\/wp-json\/wp\/v2\/posts"}],"about":[{"href":"https:\/\/www.r2cpress.com.br\/v1\/wp-json\/wp\/v2\/types\/post"}],"author":[{"embeddable":true,"href":"https:\/\/www.r2cpress.com.br\/v1\/wp-json\/wp\/v2\/users\/2"}],"replies":[{"embeddable":true,"href":"https:\/\/www.r2cpress.com.br\/v1\/wp-json\/wp\/v2\/comments?post=85111"}],"version-history":[{"count":3,"href":"https:\/\/www.r2cpress.com.br\/v1\/wp-json\/wp\/v2\/posts\/85111\/revisions"}],"predecessor-version":[{"id":85114,"href":"https:\/\/www.r2cpress.com.br\/v1\/wp-json\/wp\/v2\/posts\/85111\/revisions\/85114"}],"wp:attachment":[{"href":"https:\/\/www.r2cpress.com.br\/v1\/wp-json\/wp\/v2\/media?parent=85111"}],"wp:term":[{"taxonomy":"category","embeddable":true,"href":"https:\/\/www.r2cpress.com.br\/v1\/wp-json\/wp\/v2\/categories?post=85111"},{"taxonomy":"post_tag","embeddable":true,"href":"https:\/\/www.r2cpress.com.br\/v1\/wp-json\/wp\/v2\/tags?post=85111"}],"curies":[{"name":"wp","href":"https:\/\/api.w.org\/{rel}","templated":true}]}}