{"id":85252,"date":"2014-08-23T19:15:57","date_gmt":"2014-08-23T22:15:57","guid":{"rendered":"http:\/\/www.r2cpress.com.br\/v1\/?p=85252"},"modified":"2014-08-23T19:17:10","modified_gmt":"2014-08-23T22:17:10","slug":"incor-instituto-do-coracao-2","status":"publish","type":"post","link":"https:\/\/www.r2cpress.com.br\/v1\/2014\/08\/23\/incor-instituto-do-coracao-2\/","title":{"rendered":"INCOR &#8211; Instituto do Cora\u00e7\u00e3o"},"content":{"rendered":"<table style=\"height: 320px;\" width=\"753\">\n<tbody>\n<tr>\n<td colspan=\"3\" width=\"662\">\n<h2 style=\"text-align: center;\"><span style=\"color: #0000ff;\"><strong>INCOR &#8211; Instituto do Cora\u00e7\u00e3o <\/strong><\/span><\/h2>\n<h2 style=\"text-align: center;\"><span style=\"color: #0000ff;\"><strong>Hospital das Cl\u00ednicas da Faculdade de Medicina da USP<\/strong><\/span><\/h2>\n<\/td>\n<\/tr>\n<tr>\n<td colspan=\"3\" width=\"662\"><strong>\u00a0<\/strong><\/td>\n<\/tr>\n<tr>\n<td colspan=\"3\" width=\"662\"><em>S\u00e3o Paulo, 23 de agosto de 2014, 18h.<\/em> <strong><em>\u00a0<\/em><\/strong><\/p>\n<h2 style=\"text-align: center;\"><span style=\"color: #0000ff;\"><strong>PACIENTE <\/strong><\/span><\/h2>\n<h2 style=\"text-align: center;\"><span style=\"color: #0000ff;\"><strong>GOVERNADOR GERALDO ALCKMIN<\/strong><\/span><\/h2>\n<p>O Governador de S\u00e3o Paulo, Geraldo Alckmin, seguir\u00e1 internado no Incor (Instituto do Cora\u00e7\u00e3o do Hospital das Cl\u00ednicas da FMUSP) para tratamento, sem previs\u00e3o de alta. Est\u00e3o mantidas as informa\u00e7\u00f5es cl\u00ednicas do boletim das 13h deste s\u00e1bado, 23 de agosto (<a href=\"http:\/\/www.incor.usp.br\/sites\/incor2013\/docs\/imprensa\/2014\/AGO_Boletim_medico_Governador_Geraldo_Alckmim.pdf\">clique aqui<\/a>).<\/p>\n<p>&nbsp;<\/p>\n<p>Dada a estabilidade do quadro cl\u00ednico, novo boletim m\u00e9dico ser\u00e1 divulgado somente por ocasi\u00e3o da alta hospital do Governador ou na ocorr\u00eancia de fato relevante na evolu\u00e7\u00e3o de seu quadro cl\u00ednico.<\/p>\n<p>&nbsp;<\/p>\n<p>Assessoria de Imprensa<\/p>\n<p>Incor-HCFMUSP<\/td>\n<\/tr>\n<\/tbody>\n<\/table>\n","protected":false},"excerpt":{"rendered":"<p>INCOR &#8211; Instituto do Cora\u00e7\u00e3o Hospital das Cl\u00ednicas da Faculdade de Medicina da USP \u00a0 S\u00e3o Paulo, 23 de agosto de 2014, 18h. \u00a0 PACIENTE GOVERNADOR GERALDO ALCKMIN O Governador de S\u00e3o Paulo, Geraldo Alckmin, seguir\u00e1 internado no Incor (Instituto do Cora\u00e7\u00e3o do Hospital das Cl\u00ednicas da FMUSP) para tratamento, sem previs\u00e3o de alta. Est\u00e3o [&hellip;]<\/p>\n","protected":false},"author":2,"featured_media":0,"comment_status":"open","ping_status":"open","sticky":false,"template":"","format":"standard","meta":{"_links_to":"","_links_to_target":""},"categories":[13],"tags":[],"_links":{"self":[{"href":"https:\/\/www.r2cpress.com.br\/v1\/wp-json\/wp\/v2\/posts\/85252"}],"collection":[{"href":"https:\/\/www.r2cpress.com.br\/v1\/wp-json\/wp\/v2\/posts"}],"about":[{"href":"https:\/\/www.r2cpress.com.br\/v1\/wp-json\/wp\/v2\/types\/post"}],"author":[{"embeddable":true,"href":"https:\/\/www.r2cpress.com.br\/v1\/wp-json\/wp\/v2\/users\/2"}],"replies":[{"embeddable":true,"href":"https:\/\/www.r2cpress.com.br\/v1\/wp-json\/wp\/v2\/comments?post=85252"}],"version-history":[{"count":3,"href":"https:\/\/www.r2cpress.com.br\/v1\/wp-json\/wp\/v2\/posts\/85252\/revisions"}],"predecessor-version":[{"id":85255,"href":"https:\/\/www.r2cpress.com.br\/v1\/wp-json\/wp\/v2\/posts\/85252\/revisions\/85255"}],"wp:attachment":[{"href":"https:\/\/www.r2cpress.com.br\/v1\/wp-json\/wp\/v2\/media?parent=85252"}],"wp:term":[{"taxonomy":"category","embeddable":true,"href":"https:\/\/www.r2cpress.com.br\/v1\/wp-json\/wp\/v2\/categories?post=85252"},{"taxonomy":"post_tag","embeddable":true,"href":"https:\/\/www.r2cpress.com.br\/v1\/wp-json\/wp\/v2\/tags?post=85252"}],"curies":[{"name":"wp","href":"https:\/\/api.w.org\/{rel}","templated":true}]}}