{"id":85280,"date":"2014-08-24T15:21:33","date_gmt":"2014-08-24T18:21:33","guid":{"rendered":"http:\/\/www.r2cpress.com.br\/v1\/?p=85280"},"modified":"2014-08-24T15:21:33","modified_gmt":"2014-08-24T18:21:33","slug":"mpf-prorroga-inscricoes-para-concurso-de-estagiario-da-area-de-administracao-em-feira-de-santana-jequie-e-ilheus","status":"publish","type":"post","link":"https:\/\/www.r2cpress.com.br\/v1\/2014\/08\/24\/mpf-prorroga-inscricoes-para-concurso-de-estagiario-da-area-de-administracao-em-feira-de-santana-jequie-e-ilheus\/","title":{"rendered":"MPF prorroga inscri\u00e7\u00f5es para concurso de estagi\u00e1rio da \u00e1rea de Administra\u00e7\u00e3o em Feira de Santana, Jequi\u00e9 e Ilh\u00e9us"},"content":{"rendered":"<p style=\"color: #222222;\"><em>A pr\u00e9-inscri\u00e7\u00e3o pode ser feita pelo site at\u00e9 o dia 28 de agosto, e a confirma\u00e7\u00e3o nos dias 29 de agosto e 1\u00ba de setembro, na unidade onde se pleiteia a vaga.<\/em><\/p>\n<div style=\"color: #222222;\">\n<p align=\"JUSTIFY\">O Minist\u00e9rio P\u00fablico Federal na Bahia (MPF\/BA) prorrogou at\u00e9 as 23h59min do dia 28 de agosto a pr\u00e9-inscri\u00e7\u00e3o\u00a0<i>online<\/i>\u00a0para o 14\u00ba Processo Seletivo para est\u00e1gio de n\u00edvel superior de Administra\u00e7\u00e3o nas Procuradorias da Rep\u00fablica nos Munic\u00edpios de Feira de Santana, Jequi\u00e9 e Ilh\u00e9us. A ficha de inscri\u00e7\u00e3o a ser preenchida est\u00e1 dispon\u00edvel no site do MPF\/BA.<\/p>\n<p align=\"JUSTIFY\">A confirma\u00e7\u00e3o da inscri\u00e7\u00e3o deve ser feita nos dias 29 de agosto e 1\u00ba de setembro, das 13h \u00e0s 17h. Para isso, o candidato deve comparecer \u00e0 unidade do MPF em que deseja realizar o est\u00e1gio e entregar os documentos constantes no edital, al\u00e9m de levar duas latas de leite em p\u00f3 para doa\u00e7\u00e3o.<\/p>\n<p align=\"JUSTIFY\"><a style=\"color: #1155cc;\" href=\"http:\/\/stag.prba.mpf.gov.br:8080\/stag\/Gate?MODULE=stag.modulos.internet&amp;SCREEN=CONCURSO\" target=\"_blank\">Confira os editais do Processo Seletivo na p\u00e1gina do candidato<\/a>.<\/p>\n<p align=\"JUSTIFY\">Assessoria de Comunica\u00e7\u00e3o<br \/>\nMinist\u00e9rio P\u00fablico Federal na Bahia<\/p>\n<\/div>\n","protected":false},"excerpt":{"rendered":"<p>A pr\u00e9-inscri\u00e7\u00e3o pode ser feita pelo site at\u00e9 o dia 28 de agosto, e a confirma\u00e7\u00e3o nos dias 29 de agosto e 1\u00ba de setembro, na unidade onde se pleiteia a vaga. O Minist\u00e9rio P\u00fablico Federal na Bahia (MPF\/BA) prorrogou at\u00e9 as 23h59min do dia 28 de agosto a pr\u00e9-inscri\u00e7\u00e3o\u00a0online\u00a0para o 14\u00ba Processo Seletivo para [&hellip;]<\/p>\n","protected":false},"author":2,"featured_media":0,"comment_status":"open","ping_status":"open","sticky":false,"template":"","format":"standard","meta":{"_links_to":"","_links_to_target":""},"categories":[13],"tags":[],"_links":{"self":[{"href":"https:\/\/www.r2cpress.com.br\/v1\/wp-json\/wp\/v2\/posts\/85280"}],"collection":[{"href":"https:\/\/www.r2cpress.com.br\/v1\/wp-json\/wp\/v2\/posts"}],"about":[{"href":"https:\/\/www.r2cpress.com.br\/v1\/wp-json\/wp\/v2\/types\/post"}],"author":[{"embeddable":true,"href":"https:\/\/www.r2cpress.com.br\/v1\/wp-json\/wp\/v2\/users\/2"}],"replies":[{"embeddable":true,"href":"https:\/\/www.r2cpress.com.br\/v1\/wp-json\/wp\/v2\/comments?post=85280"}],"version-history":[{"count":1,"href":"https:\/\/www.r2cpress.com.br\/v1\/wp-json\/wp\/v2\/posts\/85280\/revisions"}],"predecessor-version":[{"id":85281,"href":"https:\/\/www.r2cpress.com.br\/v1\/wp-json\/wp\/v2\/posts\/85280\/revisions\/85281"}],"wp:attachment":[{"href":"https:\/\/www.r2cpress.com.br\/v1\/wp-json\/wp\/v2\/media?parent=85280"}],"wp:term":[{"taxonomy":"category","embeddable":true,"href":"https:\/\/www.r2cpress.com.br\/v1\/wp-json\/wp\/v2\/categories?post=85280"},{"taxonomy":"post_tag","embeddable":true,"href":"https:\/\/www.r2cpress.com.br\/v1\/wp-json\/wp\/v2\/tags?post=85280"}],"curies":[{"name":"wp","href":"https:\/\/api.w.org\/{rel}","templated":true}]}}