{"id":85300,"date":"2014-08-25T08:41:55","date_gmt":"2014-08-25T11:41:55","guid":{"rendered":"http:\/\/www.r2cpress.com.br\/v1\/?p=85300"},"modified":"2014-08-25T08:41:55","modified_gmt":"2014-08-25T11:41:55","slug":"morre-aos-86-anos-o-empresario-antonio-ermirio-de-moraes","status":"publish","type":"post","link":"https:\/\/www.r2cpress.com.br\/v1\/2014\/08\/25\/morre-aos-86-anos-o-empresario-antonio-ermirio-de-moraes\/","title":{"rendered":"Morre aos 86 anos o empres\u00e1rio Ant\u00f4nio Erm\u00edrio de Moraes"},"content":{"rendered":"<p style=\"color: #000000;\">O empres\u00e1rio Ant\u00f4nio Erm\u00edrio de Moraes, presidente de honra do Grupo Votorantim, morreu na noite de ontem (24) na capital paulista, aos 86 anos, por insufici\u00eancia card\u00edaca, segundo a assessoria de imprensa da empresa. O corpo ser\u00e1 velado hoje (25), a partir das 9h, no Sal\u00e3o Nobre do Hospital Benefic\u00eancia Portuguesa. O enterro ser\u00e1 \u00e0s 16h no Cemit\u00e9rio do Morumbi.<\/p>\n<p style=\"color: #000000;\">Engenheiro metal\u00fargico formado pela Colorado School of Mines, nos Estados Unidos, \u00a0Ant\u00f4nio Erm\u00edrio iniciou a carreira no Grupo Votorantim em 1949, sendo o respons\u00e1vel pela instala\u00e7\u00e3o da Companhia Brasileira de Alum\u00ednio, inaugurada em 1955. O grupo est\u00e1 presente em mais de 20 pa\u00edses, nos segmentos de metais, cimento, papel, qu\u00edmica, eletricidade e sucos.<\/p>\n<p style=\"color: #000000;\">Em 1986, foi candidato ao governo do estado de S\u00e3o Paulo pela Uni\u00e3o Liberal Trabalhista Social ( PTB, PL e PSC ), mas perdeu para Orestes Qu\u00e9rcia (PMDB). Escreveu e produziu tr\u00eas pe\u00e7as teatrais, com foco nos problemas brasileiros, sendo membro da Academia Paulista de Letras.<\/p>\n<p style=\"color: #000000;\">Em nota, a Votorantim lamentou a morte do empres\u00e1rio. \u201cCom o falecimento do Dr. Ant\u00f4nio Erm\u00edrio de Moraes, o Grupo Votorantim perde um grande l\u00edder, que serviu de exemplo e inspira\u00e7\u00e3o para seus valores, como \u00e9tica, respeito e empreendedorismo, e que defendia o papel social da iniciativa privada para a constru\u00e7\u00e3o de um pa\u00eds melhor e mais justo, com sa\u00fade e educa\u00e7\u00e3o de qualidade para todos. Dr. Ant\u00f4nio deixa a esposa, Dona Maria Regina Costa de Moraes, com quem teve nove filhos\u201d.<\/p>\n<p style=\"color: #000000;\"><strong>TRIBUNA DA BAHIA:<\/strong><\/p>\n<p style=\"color: #000000;\">http:\/\/www.tribunadabahia.com.br\/2014\/08\/25\/morre-aos-86-anos-empresario-antonio-ermirio-de-moraes<\/p>\n","protected":false},"excerpt":{"rendered":"<p>O empres\u00e1rio Ant\u00f4nio Erm\u00edrio de Moraes, presidente de honra do Grupo Votorantim, morreu na noite de ontem (24) na capital paulista, aos 86 anos, por insufici\u00eancia card\u00edaca, segundo a assessoria de imprensa da empresa. O corpo ser\u00e1 velado hoje (25), a partir das 9h, no Sal\u00e3o Nobre do Hospital Benefic\u00eancia Portuguesa. O enterro ser\u00e1 \u00e0s [&hellip;]<\/p>\n","protected":false},"author":2,"featured_media":0,"comment_status":"open","ping_status":"open","sticky":false,"template":"","format":"standard","meta":{"_links_to":"","_links_to_target":""},"categories":[13],"tags":[],"_links":{"self":[{"href":"https:\/\/www.r2cpress.com.br\/v1\/wp-json\/wp\/v2\/posts\/85300"}],"collection":[{"href":"https:\/\/www.r2cpress.com.br\/v1\/wp-json\/wp\/v2\/posts"}],"about":[{"href":"https:\/\/www.r2cpress.com.br\/v1\/wp-json\/wp\/v2\/types\/post"}],"author":[{"embeddable":true,"href":"https:\/\/www.r2cpress.com.br\/v1\/wp-json\/wp\/v2\/users\/2"}],"replies":[{"embeddable":true,"href":"https:\/\/www.r2cpress.com.br\/v1\/wp-json\/wp\/v2\/comments?post=85300"}],"version-history":[{"count":1,"href":"https:\/\/www.r2cpress.com.br\/v1\/wp-json\/wp\/v2\/posts\/85300\/revisions"}],"predecessor-version":[{"id":85301,"href":"https:\/\/www.r2cpress.com.br\/v1\/wp-json\/wp\/v2\/posts\/85300\/revisions\/85301"}],"wp:attachment":[{"href":"https:\/\/www.r2cpress.com.br\/v1\/wp-json\/wp\/v2\/media?parent=85300"}],"wp:term":[{"taxonomy":"category","embeddable":true,"href":"https:\/\/www.r2cpress.com.br\/v1\/wp-json\/wp\/v2\/categories?post=85300"},{"taxonomy":"post_tag","embeddable":true,"href":"https:\/\/www.r2cpress.com.br\/v1\/wp-json\/wp\/v2\/tags?post=85300"}],"curies":[{"name":"wp","href":"https:\/\/api.w.org\/{rel}","templated":true}]}}