{"id":8540,"date":"2011-02-13T09:32:40","date_gmt":"2011-02-13T12:32:40","guid":{"rendered":"http:\/\/www.r2cpress.com.br\/v1\/?p=8540"},"modified":"2011-02-13T09:32:40","modified_gmt":"2011-02-13T12:32:40","slug":"congresso-de-odontologia-sp","status":"publish","type":"post","link":"https:\/\/www.r2cpress.com.br\/v1\/2011\/02\/13\/congresso-de-odontologia-sp\/","title":{"rendered":"Congresso de Odontologia (SP)."},"content":{"rendered":"<p><div id=\"attachment_8541\" style=\"width: 273px\" class=\"wp-caption alignleft\"><a href=\"http:\/\/www.r2cpress.com.br\/v1\/wp-content\/uploads\/181632_1421860406179_1822779430_820974_2904629_n.jpg\"><img aria-describedby=\"caption-attachment-8541\" loading=\"lazy\" src=\"http:\/\/www.r2cpress.com.br\/v1\/wp-content\/uploads\/181632_1421860406179_1822779430_820974_2904629_n-263x300.jpg\" alt=\"\" title=\"181632_1421860406179_1822779430_820974_2904629_n\" width=\"263\" height=\"300\" class=\"size-medium wp-image-8541\" srcset=\"https:\/\/www.r2cpress.com.br\/v1\/wp-content\/uploads\/181632_1421860406179_1822779430_820974_2904629_n-263x300.jpg 263w, https:\/\/www.r2cpress.com.br\/v1\/wp-content\/uploads\/181632_1421860406179_1822779430_820974_2904629_n.jpg 353w\" sizes=\"(max-width: 263px) 100vw, 263px\" \/><\/a><p id=\"caption-attachment-8541\" class=\"wp-caption-text\">Dr\u00aa Cl\u00e1udia Gregori Ock\u00e9<\/p><\/div>Em quatro dias, maior evento de Odontologia da Am\u00e9rica Latina atraiu 65 mil participantes \u2013 quase 10% acima das estimativas iniciais, que eram de 60 mil pessoas. Organizadores projetam mais crescimento para o pr\u00f3ximo ano. Metade dos expositores desta edi\u00e7\u00e3o j\u00e1 confirmou presen\u00e7a em 2012 e a grade cient\u00edfica j\u00e1 tem lista de conferencistas que firmaram compromisso de ministrar palestras e cursos.<\/p>\n<p>Uma das novidades deste ano foi o aumento no n\u00famero de palestrantes internacionais, com 10 conferencistas de seis pa\u00edses. O Congresso recebeu 220 expositores de 21 pa\u00edses, incluindo o Brasil, e tamb\u00e9m foi realizado em novo endere\u00e7o, no Expo Center Norte<br \/>\n\u201cA grade cient\u00edfica foi extremamente elogiada pelos congressistas, ministradores, congressistas e \u00e1rea comercial, fazendo com que o Congresso do Centen\u00e1rio desse uma grande contribui\u00e7\u00e3o para os colegas, com a participa\u00e7\u00e3o de professores de alt\u00edssimo n\u00edvel t\u00e9cnico-cient\u00edfico\u201d, destaca Salum, ao acrescentar que para o pr\u00f3ximo ano j\u00e1 h\u00e1 uma lista de convidados internacionais que firmaram compromisso de ministrar cursos e palestras.<\/p>\n<p>A Associa\u00e7\u00e3o Paulista de Cirurgi\u00f5es-Dentistas ocupa, hoje, um lugar de destaque no cen\u00e1rio da Odontologia mundial. Em 2011, est\u00e1 completando 100 anos de hist\u00f3ria, tradi\u00e7\u00e3o e credibilidade. A entidade que nasceu modesta, por\u00e9m ambiciosa, cresceu e hoje possui cerca de 40 mil associados.<\/p>\n<p>A cada dia, a APCD tem reafirmado seu papel de institui\u00e7\u00e3o comprometida com os interesses da classe odontol\u00f3gica e com o fortalecimento da Odontologia paulista e brasileira. Desde sua cria\u00e7\u00e3o, investe na valoriza\u00e7\u00e3o da sa\u00fade bucal e na capacita\u00e7\u00e3o e aperfei\u00e7oamento dos profissionais por meio de cursos e congressos que promove anualmente.<\/p>\n<p>No ano em que celebra 100 anos, a APCD presenteou todos os Cirurgi\u00f5es-Dentistas com o Congresso Internacional de Odontologia do Centen\u00e1rio.Foi  uma grande oportunidade para congressistas se atualizarem, trocarem experi\u00eancias e terem acesso \u00e0s grandes novidades em pesquisas cient\u00edficas, produtos e tecnologia.\u201cAgregar para crescer\u201d foi a t\u00f4nica no congresso da entidade: trabalhar efetivamente por uma Odontologia unida e forte, que investe constantemente no crescimento profissional do Cirurgi\u00e3o-dentista .<\/p>\n","protected":false},"excerpt":{"rendered":"<p>Em quatro dias, maior evento de Odontologia da Am\u00e9rica Latina atraiu 65 mil participantes \u2013 quase 10% acima das estimativas iniciais, que eram de 60 mil pessoas. Organizadores projetam mais crescimento para o pr\u00f3ximo ano. Metade dos expositores desta edi\u00e7\u00e3o j\u00e1 confirmou presen\u00e7a em 2012 e a grade cient\u00edfica j\u00e1 tem lista de conferencistas que [&hellip;]<\/p>\n","protected":false},"author":2,"featured_media":0,"comment_status":"open","ping_status":"open","sticky":false,"template":"","format":"standard","meta":{"_links_to":"","_links_to_target":""},"categories":[10],"tags":[],"_links":{"self":[{"href":"https:\/\/www.r2cpress.com.br\/v1\/wp-json\/wp\/v2\/posts\/8540"}],"collection":[{"href":"https:\/\/www.r2cpress.com.br\/v1\/wp-json\/wp\/v2\/posts"}],"about":[{"href":"https:\/\/www.r2cpress.com.br\/v1\/wp-json\/wp\/v2\/types\/post"}],"author":[{"embeddable":true,"href":"https:\/\/www.r2cpress.com.br\/v1\/wp-json\/wp\/v2\/users\/2"}],"replies":[{"embeddable":true,"href":"https:\/\/www.r2cpress.com.br\/v1\/wp-json\/wp\/v2\/comments?post=8540"}],"version-history":[{"count":3,"href":"https:\/\/www.r2cpress.com.br\/v1\/wp-json\/wp\/v2\/posts\/8540\/revisions"}],"predecessor-version":[{"id":8544,"href":"https:\/\/www.r2cpress.com.br\/v1\/wp-json\/wp\/v2\/posts\/8540\/revisions\/8544"}],"wp:attachment":[{"href":"https:\/\/www.r2cpress.com.br\/v1\/wp-json\/wp\/v2\/media?parent=8540"}],"wp:term":[{"taxonomy":"category","embeddable":true,"href":"https:\/\/www.r2cpress.com.br\/v1\/wp-json\/wp\/v2\/categories?post=8540"},{"taxonomy":"post_tag","embeddable":true,"href":"https:\/\/www.r2cpress.com.br\/v1\/wp-json\/wp\/v2\/tags?post=8540"}],"curies":[{"name":"wp","href":"https:\/\/api.w.org\/{rel}","templated":true}]}}