{"id":86019,"date":"2014-09-18T12:22:14","date_gmt":"2014-09-18T15:22:14","guid":{"rendered":"http:\/\/www.r2cpress.com.br\/v1\/?p=86019"},"modified":"2014-09-18T12:22:14","modified_gmt":"2014-09-18T15:22:14","slug":"escavacoes-revelam-camara-de-gas-em-campo-de-concentracao-na-polonia","status":"publish","type":"post","link":"https:\/\/www.r2cpress.com.br\/v1\/2014\/09\/18\/escavacoes-revelam-camara-de-gas-em-campo-de-concentracao-na-polonia\/","title":{"rendered":"Escava\u00e7\u00f5es revelam c\u00e2mara de g\u00e1s em campo de concentra\u00e7\u00e3o na Pol\u00f4nia"},"content":{"rendered":"<div style=\"width: 625px\" class=\"wp-caption aligncenter\"><img loading=\"lazy\" src=\"http:\/\/imguol.com\/c\/noticias\/2014\/09\/17\/17set2014---foto-divulgada-pelo-instituto-yad-vashem-mostra-o-local-onde-ficava-a-camara-de-gas-no-campo-de-concentracao-de-sobibor-na-polonia-1410967973234_615x300.jpg\" alt=\"\" width=\"615\" height=\"300\" \/><p class=\"wp-caption-text\">Foto divulgada pelo instituto Yad Vashem mostra o local onde ficava a c\u00e2mara de g\u00e1s no campo de concentra\u00e7\u00e3o de Sobibor, na Pol\u00f4nia<\/p><\/div>\n<p>Foi encontrada a localiza\u00e7\u00e3o exata da camaras de g\u00e1s do campo de exterm\u00ednio de Sobibor, na Pol\u00f4nia.   <\/p>\n<p>Informa\u00e7\u00e3o foi divulgada por representantes do Yad Vashem, o memorial oficial de Israel para lembrar as v\u00edtimas judaicas do Holocausto, em Jerusal\u00e9m.   <\/p>\n<p>O local foi encontrado durante escava\u00e7\u00f5es arqueol\u00f3gicas que tiveram in\u00edcio em 2007.   <\/p>\n<p>No local foram achados milhares de an\u00e9is, brincos e frascos de perfume, que provavelmente pertenceram a pessoas mortas no campo de concentra\u00e7\u00e3o.   <\/p>\n<p>Em 1943, ap\u00f3s uma fuga de prisioneiros, a SS fechou o campo, onde calcula-se que foram assassinadas ao menos 250 mil pessoas.   <\/p>\n<p>A constru\u00e7\u00e3o foi destru\u00edda em uma tentativa de ocultar sua exist\u00eancia.<\/p>\n<p>&#8212;<br \/>\nANSA Em Tel Aviv<br \/>\nNO UOL NOT\u00cdCIAS<br \/>\nhttp:\/\/noticias.uol.com.br\/ultimas-noticias\/ansa\/2014\/09\/17\/escavacoes-revelam-camara-de-gas-em-campo-de-concentracao-na-polonia.htm<\/p>\n","protected":false},"excerpt":{"rendered":"<p>Foi encontrada a localiza\u00e7\u00e3o exata da camaras de g\u00e1s do campo de exterm\u00ednio de Sobibor, na Pol\u00f4nia. Informa\u00e7\u00e3o foi divulgada por representantes do Yad Vashem, o memorial oficial de Israel para lembrar as v\u00edtimas judaicas do Holocausto, em Jerusal\u00e9m. O local foi encontrado durante escava\u00e7\u00f5es arqueol\u00f3gicas que tiveram in\u00edcio em 2007. No local foram achados [&hellip;]<\/p>\n","protected":false},"author":2,"featured_media":0,"comment_status":"open","ping_status":"open","sticky":false,"template":"","format":"standard","meta":{"_links_to":"","_links_to_target":""},"categories":[13],"tags":[],"_links":{"self":[{"href":"https:\/\/www.r2cpress.com.br\/v1\/wp-json\/wp\/v2\/posts\/86019"}],"collection":[{"href":"https:\/\/www.r2cpress.com.br\/v1\/wp-json\/wp\/v2\/posts"}],"about":[{"href":"https:\/\/www.r2cpress.com.br\/v1\/wp-json\/wp\/v2\/types\/post"}],"author":[{"embeddable":true,"href":"https:\/\/www.r2cpress.com.br\/v1\/wp-json\/wp\/v2\/users\/2"}],"replies":[{"embeddable":true,"href":"https:\/\/www.r2cpress.com.br\/v1\/wp-json\/wp\/v2\/comments?post=86019"}],"version-history":[{"count":5,"href":"https:\/\/www.r2cpress.com.br\/v1\/wp-json\/wp\/v2\/posts\/86019\/revisions"}],"predecessor-version":[{"id":86024,"href":"https:\/\/www.r2cpress.com.br\/v1\/wp-json\/wp\/v2\/posts\/86019\/revisions\/86024"}],"wp:attachment":[{"href":"https:\/\/www.r2cpress.com.br\/v1\/wp-json\/wp\/v2\/media?parent=86019"}],"wp:term":[{"taxonomy":"category","embeddable":true,"href":"https:\/\/www.r2cpress.com.br\/v1\/wp-json\/wp\/v2\/categories?post=86019"},{"taxonomy":"post_tag","embeddable":true,"href":"https:\/\/www.r2cpress.com.br\/v1\/wp-json\/wp\/v2\/tags?post=86019"}],"curies":[{"name":"wp","href":"https:\/\/api.w.org\/{rel}","templated":true}]}}