{"id":86577,"date":"2014-10-02T10:30:36","date_gmt":"2014-10-02T13:30:36","guid":{"rendered":"http:\/\/www.r2cpress.com.br\/v1\/?p=86577"},"modified":"2014-10-02T10:30:36","modified_gmt":"2014-10-02T13:30:36","slug":"sociedade-brasileira-de-oncologia-pediatrica","status":"publish","type":"post","link":"https:\/\/www.r2cpress.com.br\/v1\/2014\/10\/02\/sociedade-brasileira-de-oncologia-pediatrica\/","title":{"rendered":"Sociedade Brasileira de Oncologia Pedi\u00e1trica"},"content":{"rendered":"<h2 style=\"text-align: center;\"><strong>Principal causa de morte em crian\u00e7as por doen\u00e7a no Pa\u00eds, o c\u00e2ncer infantojuvenil precisa com urg\u00eancia de aten\u00e7\u00e3o e investimentos<\/strong><\/h2>\n<p>Sociedade Brasileira de Oncologia Pedi\u00e1trica explica que a taxa de cura do c\u00e2ncer infantojuvenil em pa\u00edses da Europa e nos EUA est\u00e1 entre 80 e 90%, j\u00e1 no Brasil a taxa de mortalidade chega a 50%<\/p>\n<p>O c\u00e2ncer \u00e9 a principal causa de morte por doen\u00e7a em crian\u00e7as e adolescentes de zero a 19 anos no Brasil, apesar de ser uma doen\u00e7a rara, pois representa apenas 3% de todos os c\u00e2nceres diagnosticados no Pa\u00eds, cerca de 12 mil novos casos s\u00e3o diagnosticados por ano, segundo o Instituto Nacional do C\u00e2ncer (INCA). De acordo com Carla Macedo, presidente da Sociedade Brasileira de Oncologia Pedi\u00e1trica (SOBOPE), a doen\u00e7a deve ser considerada como um problema de sa\u00fade p\u00fablica, pois o tema \u00e9 pouco discutido no Brasil e esquecido na maioria dos f\u00f3runs de discuss\u00e3o sobre o c\u00e2ncer.<\/p>\n<p>Segundo a presidente, que debateu o tema no encerramento do<em>1\u00ba Congresso Todos Juntos Contra o C\u00e2ncer<\/em>\u00a0na \u00faltima quinta-feira, dia 25, a taxa de cura do c\u00e2ncer infantojuvenil em pa\u00edses da Europa e nos Estados Unidos est\u00e1 entre 80 e 90%, j\u00e1 no Brasil a taxa de mortalidade chega a 50% e em alguns lugares os pacientes com leucemia t\u00eam expectativa de cura em apenas 30% dos casos por falta terapia de suporte como antibi\u00f3ticos, antif\u00fangicos, hemoderivados, dif\u00edcil acesso, precariedade de recursos humanos, materiais e infraestrutura.<\/p>\n<p>Carla explica que n\u00e3o se pode mais admitir que um centro oncol\u00f3gico de adulto separe apenas alguns leitos para as crian\u00e7as e realize o tratamento para esses pacientes, pois as patologias s\u00e3o diferentes e os protocolos terap\u00eauticos das crian\u00e7as s\u00e3o altamente t\u00f3xicos. \u201c\u00c9 preciso que as crian\u00e7as sejam tratadas em centros de refer\u00eancia especializados, o progn\u00f3stico e todo o planejamento terap\u00eautico depende de exames diagn\u00f3sticos complexos, n\u00e3o podemos ter como instrumentos apenas raio-x, hemograma e mielograma, precisamos de resson\u00e2ncia, tomografia em tempo h\u00e1bil, exames complexos como de biologia molecular, que nem possuem cobertura pelo Sistema \u00danico de Sa\u00fade (SUS). Nossos pares precisam se juntar a essa causa e lutar pelo tratamento digno para as nossas crian\u00e7as\u201d.<\/p>\n<p>\u201cA \u00fanica maneira que temos de melhorar esse quadro \u00e9 com diagn\u00f3stico precoce, com a cria\u00e7\u00e3o de uma rede de acesso aos centros de refer\u00eancia, exames de diagn\u00f3sticos adequados para cada tipo de c\u00e2ncer, protocolos terap\u00eauticos atualizados, terapia de suporte dispon\u00edvel, equipe multidisciplinar treinada em pediatria e incorpora\u00e7\u00e3o de novas drogas que s\u00f3 ser\u00e1 poss\u00edvel com o fortalecimento da pesquisa cl\u00ednica nessa especialidade\u201d, ressalta a m\u00e9dica.<\/p>\n<p>Mesmo com as adversidades, Carla se mostra otimista e afirma que o tratamento no Pa\u00eds evoluiu muito nos \u00faltimos anos. \u201cSa\u00edmos dos 20% de \u00edndice de cura e agora chegamos aos 50%. Para atingirmos 70% temos que agir mais e o Brasil tem total condi\u00e7\u00e3o de realizar esse feito\u201d, conclui.<\/p>\n<p>O tema tamb\u00e9m ser\u00e1 debatido no XIV Congresso Brasileiro de Oncologia Pedi\u00e1trica, que acontece entre os dias 27 e 30 de novembro em Bras\u00edlia (DF).<\/p>\n<p><strong>Sociedade Brasileira de Oncologia Pedi\u00e1trica (SOBOPE)<\/strong>Fundada em 1981, a SOBOPE tem como objetivo disseminar o conhecimento referente ao c\u00e2ncer infantojuvenil e seu tratamento para todas as regi\u00f5es do pa\u00eds e uniformizar m\u00e9todos de diagn\u00f3stico e tratamento. Atua no desenvolvimento e na divulga\u00e7\u00e3o de protocolos terap\u00eauticos e na representa\u00e7\u00e3o dos oncologistas pedi\u00e1tricos brasileiros junto aos \u00f3rg\u00e3os governamentais. Promove o ensino da oncologia pedi\u00e1trica, visando a divulga\u00e7\u00e3o e a troca de conhecimento cient\u00edfico da \u00e1rea em \u00e2mbito multiprofissional.<\/p>\n","protected":false},"excerpt":{"rendered":"<p>Principal causa de morte em crian\u00e7as por doen\u00e7a no Pa\u00eds, o c\u00e2ncer infantojuvenil precisa com urg\u00eancia de aten\u00e7\u00e3o e investimentos Sociedade Brasileira de Oncologia Pedi\u00e1trica explica que a taxa de cura do c\u00e2ncer infantojuvenil em pa\u00edses da Europa e nos EUA est\u00e1 entre 80 e 90%, j\u00e1 no Brasil a taxa de mortalidade chega a [&hellip;]<\/p>\n","protected":false},"author":2,"featured_media":0,"comment_status":"open","ping_status":"open","sticky":false,"template":"","format":"standard","meta":{"_links_to":"","_links_to_target":""},"categories":[24],"tags":[],"_links":{"self":[{"href":"https:\/\/www.r2cpress.com.br\/v1\/wp-json\/wp\/v2\/posts\/86577"}],"collection":[{"href":"https:\/\/www.r2cpress.com.br\/v1\/wp-json\/wp\/v2\/posts"}],"about":[{"href":"https:\/\/www.r2cpress.com.br\/v1\/wp-json\/wp\/v2\/types\/post"}],"author":[{"embeddable":true,"href":"https:\/\/www.r2cpress.com.br\/v1\/wp-json\/wp\/v2\/users\/2"}],"replies":[{"embeddable":true,"href":"https:\/\/www.r2cpress.com.br\/v1\/wp-json\/wp\/v2\/comments?post=86577"}],"version-history":[{"count":1,"href":"https:\/\/www.r2cpress.com.br\/v1\/wp-json\/wp\/v2\/posts\/86577\/revisions"}],"predecessor-version":[{"id":86578,"href":"https:\/\/www.r2cpress.com.br\/v1\/wp-json\/wp\/v2\/posts\/86577\/revisions\/86578"}],"wp:attachment":[{"href":"https:\/\/www.r2cpress.com.br\/v1\/wp-json\/wp\/v2\/media?parent=86577"}],"wp:term":[{"taxonomy":"category","embeddable":true,"href":"https:\/\/www.r2cpress.com.br\/v1\/wp-json\/wp\/v2\/categories?post=86577"},{"taxonomy":"post_tag","embeddable":true,"href":"https:\/\/www.r2cpress.com.br\/v1\/wp-json\/wp\/v2\/tags?post=86577"}],"curies":[{"name":"wp","href":"https:\/\/api.w.org\/{rel}","templated":true}]}}