{"id":86698,"date":"2014-10-06T19:11:38","date_gmt":"2014-10-06T22:11:38","guid":{"rendered":"http:\/\/www.r2cpress.com.br\/v1\/?p=86698"},"modified":"2014-10-06T19:11:38","modified_gmt":"2014-10-06T22:11:38","slug":"ilheus-sediara-copa-de-futsal-para-surdos-e-mudos","status":"publish","type":"post","link":"https:\/\/www.r2cpress.com.br\/v1\/2014\/10\/06\/ilheus-sediara-copa-de-futsal-para-surdos-e-mudos\/","title":{"rendered":"Ilh\u00e9us sediar\u00e1 Copa de Futsal para Surdos e Mudos"},"content":{"rendered":"<p><em>A competi\u00e7\u00e3o acontece nos dias 11 e 12 deste m\u00eas, no gin\u00e1sio de esportes Herval Soledade, com equipes representam os munic\u00edpios de Ilh\u00e9us, Itabuna, Jequi\u00e9, Feira de Santana, Vit\u00f3ria da Conquista e Salvador.<\/em><\/p>\n<p>A Associa\u00e7\u00e3o de Surdos e Mudos realizar\u00e1 sua I Copa Ilh\u00e9us de Futsal, nos dias 11 e 12 deste m\u00eas, no gin\u00e1sio de esportes Herval Soledade. J\u00e1 confirmaram presen\u00e7a equipes que v\u00e3o representar os munic\u00edpios de Ilh\u00e9us, Itabuna, Jequi\u00e9, Feira de Santana, Vit\u00f3ria da Conquista e Salvador.<\/p>\n<p>O diretor de Esportes do munic\u00edpio, Roberto Andrade, informa que o evento tem apoio da Prefeitura de Ilh\u00e9us, que al\u00e9m de ceder o espa\u00e7o para realizar a copa, tamb\u00e9m est\u00e1 colaborando com a aquisi\u00e7\u00e3o de trof\u00e9us e medalhas que ser\u00e3o entregues \u00e0s equipes classificadas no primeiro, segundo e terceiro lugares.<\/p>\n<p>&#8212;<\/p>\n<p><strong>Secretaria de Comunica\u00e7\u00e3o Social (Secom)<\/strong><\/p>\n","protected":false},"excerpt":{"rendered":"<p>A competi\u00e7\u00e3o acontece nos dias 11 e 12 deste m\u00eas, no gin\u00e1sio de esportes Herval Soledade, com equipes representam os munic\u00edpios de Ilh\u00e9us, Itabuna, Jequi\u00e9, Feira de Santana, Vit\u00f3ria da Conquista e Salvador. A Associa\u00e7\u00e3o de Surdos e Mudos realizar\u00e1 sua I Copa Ilh\u00e9us de Futsal, nos dias 11 e 12 deste m\u00eas, no gin\u00e1sio [&hellip;]<\/p>\n","protected":false},"author":2,"featured_media":0,"comment_status":"open","ping_status":"open","sticky":false,"template":"","format":"standard","meta":{"_links_to":"","_links_to_target":""},"categories":[23],"tags":[],"_links":{"self":[{"href":"https:\/\/www.r2cpress.com.br\/v1\/wp-json\/wp\/v2\/posts\/86698"}],"collection":[{"href":"https:\/\/www.r2cpress.com.br\/v1\/wp-json\/wp\/v2\/posts"}],"about":[{"href":"https:\/\/www.r2cpress.com.br\/v1\/wp-json\/wp\/v2\/types\/post"}],"author":[{"embeddable":true,"href":"https:\/\/www.r2cpress.com.br\/v1\/wp-json\/wp\/v2\/users\/2"}],"replies":[{"embeddable":true,"href":"https:\/\/www.r2cpress.com.br\/v1\/wp-json\/wp\/v2\/comments?post=86698"}],"version-history":[{"count":1,"href":"https:\/\/www.r2cpress.com.br\/v1\/wp-json\/wp\/v2\/posts\/86698\/revisions"}],"predecessor-version":[{"id":86699,"href":"https:\/\/www.r2cpress.com.br\/v1\/wp-json\/wp\/v2\/posts\/86698\/revisions\/86699"}],"wp:attachment":[{"href":"https:\/\/www.r2cpress.com.br\/v1\/wp-json\/wp\/v2\/media?parent=86698"}],"wp:term":[{"taxonomy":"category","embeddable":true,"href":"https:\/\/www.r2cpress.com.br\/v1\/wp-json\/wp\/v2\/categories?post=86698"},{"taxonomy":"post_tag","embeddable":true,"href":"https:\/\/www.r2cpress.com.br\/v1\/wp-json\/wp\/v2\/tags?post=86698"}],"curies":[{"name":"wp","href":"https:\/\/api.w.org\/{rel}","templated":true}]}}