{"id":86768,"date":"2014-10-08T17:07:18","date_gmt":"2014-10-08T20:07:18","guid":{"rendered":"http:\/\/www.r2cpress.com.br\/v1\/?p=86768"},"modified":"2014-10-08T17:07:18","modified_gmt":"2014-10-08T20:07:18","slug":"concurso-docente-edital-052014","status":"publish","type":"post","link":"https:\/\/www.r2cpress.com.br\/v1\/2014\/10\/08\/concurso-docente-edital-052014\/","title":{"rendered":"Concurso Docente Edital 05\/2014"},"content":{"rendered":"<p>UFSB ABRE CONCURSO PARA 23 DOCENTES E AMPLIA A POSSIBILIDADE DE PARTICIPA\u00c7\u00c3O DE CANDIDATOS EM TODO O PA\u00cdS<\/p>\n<p>A primeira fase (prova escrita) ser\u00e1 realizada de forma descentralizada em 5 cidades para viabilizar a ampla participa\u00e7\u00e3o de candidatos<\/p>\n<p>Est\u00e3o abertas at\u00e9 o dia 10\/11\/2014 as inscri\u00e7\u00f5es para Concurso P\u00fablico de provas e t\u00edtulos para Docente da Universidade Federal do Sul da Bahia-UFSB. S\u00e3o 23 vagas para diversas \u00e1reas, na carreira de Magist\u00e9rio Superior, Classe A, com a denomina\u00e7\u00e3o de Professor Adjunto A, N\u00edvel 01. As vagas dever\u00e3o ser distribu\u00eddas para os campi Jorge Amado em Itabuna, Sos\u00edgenes Costa em Porto Seguro e Paulo Freire em Teixeira de Freitas, em fun\u00e7\u00e3o do planejamento da universidade.<\/p>\n<p>As <strong>provas<\/strong> <strong>escritas eliminat\u00f3rias<\/strong> ser\u00e3o realizadas simultaneamente em: Itabuna, Bras\u00edlia, S\u00e3o Paulo, Rio de Janeiro e Salvador. Al\u00e9m destes locais, se grande concentra\u00e7\u00e3o de candidatos inscritos em outras cidades, a UFSB poder\u00e1 optar por organizar o Concurso tamb\u00e9m em outros grandes centros regionais. Neste caso, os demais locais ser\u00e3o divulgados no s\u00edtio do Concurso com anteced\u00eancia m\u00ednima de 20 dias da realiza\u00e7\u00e3o das provas.<\/p>\n<p>As fases seguintes ser\u00e3o realizadas no Campus Jorge Amado em Itabuna (BA).<\/p>\n<p>As informa\u00e7\u00f5es sobre locais de provas constam no edital nos itens 6.1.2 e 6.1.3. Todas as demais informa\u00e7\u00f5es sobre o concurso est\u00e3o tamb\u00e9m dispon\u00edveis no edital, no s\u00edtio da universidade. As inscri\u00e7\u00f5es est\u00e3o abertas at\u00e9 11 de Novembro de 2014, e podem ser feitas atrav\u00e9s de formul\u00e1rio eletr\u00f4nico na p\u00e1gina de concursos da UFSB.<\/p>\n<p><a href=\"http:\/\/www.ufsb.edu.br\/concurso-docentes\">http:\/\/www.ufsb.edu.br\/concurso-docentes<\/a><\/p>\n<p style=\"text-align: center;\">\u00a0ASCOM &#8211; UFSB<\/p>\n<p style=\"text-align: center;\">\u00a0UNIVERSIDADE FEDERAL DO SUL DA BAHIA<\/p>\n<p style=\"text-align: center;\">CAMPUS JORGE AMADO<\/p>\n<p style=\"text-align: center;\">Campus Jorge Amado, Rua Itabuna, s\/n, Rod. Ilh\u00e9us-Vit\u00f3ria da Conquista, km 39, BR 415,<\/p>\n<p style=\"text-align: center;\">Ferradas, Itabuna, Bahia. Fones: 73 3616-3180 \/ 3380<\/p>\n","protected":false},"excerpt":{"rendered":"<p>UFSB ABRE CONCURSO PARA 23 DOCENTES E AMPLIA A POSSIBILIDADE DE PARTICIPA\u00c7\u00c3O DE CANDIDATOS EM TODO O PA\u00cdS A primeira fase (prova escrita) ser\u00e1 realizada de forma descentralizada em 5 cidades para viabilizar a ampla participa\u00e7\u00e3o de candidatos Est\u00e3o abertas at\u00e9 o dia 10\/11\/2014 as inscri\u00e7\u00f5es para Concurso P\u00fablico de provas e t\u00edtulos para Docente [&hellip;]<\/p>\n","protected":false},"author":2,"featured_media":0,"comment_status":"open","ping_status":"open","sticky":false,"template":"","format":"standard","meta":{"_links_to":"","_links_to_target":""},"categories":[8],"tags":[],"_links":{"self":[{"href":"https:\/\/www.r2cpress.com.br\/v1\/wp-json\/wp\/v2\/posts\/86768"}],"collection":[{"href":"https:\/\/www.r2cpress.com.br\/v1\/wp-json\/wp\/v2\/posts"}],"about":[{"href":"https:\/\/www.r2cpress.com.br\/v1\/wp-json\/wp\/v2\/types\/post"}],"author":[{"embeddable":true,"href":"https:\/\/www.r2cpress.com.br\/v1\/wp-json\/wp\/v2\/users\/2"}],"replies":[{"embeddable":true,"href":"https:\/\/www.r2cpress.com.br\/v1\/wp-json\/wp\/v2\/comments?post=86768"}],"version-history":[{"count":2,"href":"https:\/\/www.r2cpress.com.br\/v1\/wp-json\/wp\/v2\/posts\/86768\/revisions"}],"predecessor-version":[{"id":86770,"href":"https:\/\/www.r2cpress.com.br\/v1\/wp-json\/wp\/v2\/posts\/86768\/revisions\/86770"}],"wp:attachment":[{"href":"https:\/\/www.r2cpress.com.br\/v1\/wp-json\/wp\/v2\/media?parent=86768"}],"wp:term":[{"taxonomy":"category","embeddable":true,"href":"https:\/\/www.r2cpress.com.br\/v1\/wp-json\/wp\/v2\/categories?post=86768"},{"taxonomy":"post_tag","embeddable":true,"href":"https:\/\/www.r2cpress.com.br\/v1\/wp-json\/wp\/v2\/tags?post=86768"}],"curies":[{"name":"wp","href":"https:\/\/api.w.org\/{rel}","templated":true}]}}