{"id":86821,"date":"2014-10-09T19:41:22","date_gmt":"2014-10-09T22:41:22","guid":{"rendered":"http:\/\/www.r2cpress.com.br\/v1\/?p=86821"},"modified":"2014-10-09T19:41:22","modified_gmt":"2014-10-09T22:41:22","slug":"prefeito-jabes-ribeiro-fala-sobre-projetos-para-a-avenida-soares-lopes","status":"publish","type":"post","link":"https:\/\/www.r2cpress.com.br\/v1\/2014\/10\/09\/prefeito-jabes-ribeiro-fala-sobre-projetos-para-a-avenida-soares-lopes\/","title":{"rendered":"Prefeito Jabes Ribeiro fala sobre projetos para a Avenida Soares Lopes"},"content":{"rendered":"<p><a href=\"http:\/\/www.r2cpress.com.br\/v1\/wp-content\/uploads\/2014\/10\/01-av-soares-loes_300-pixels.jpg\"><img loading=\"lazy\" src=\"http:\/\/www.r2cpress.com.br\/v1\/wp-content\/uploads\/2014\/10\/01-av-soares-loes_300-pixels.jpg\" alt=\"01 av soares loes_300 pixels\" width=\"300\" height=\"200\" class=\"alignleft size-full wp-image-86822\" \/><\/a><em>A proposta do munic\u00edpio \u00e9 criar o Parque da Soares Lopes, que tem o objetivo de deixar a avenida mais humanizada e esteticamente bonita, estimulando a pratica de atividades culturais e esportivas durante todo o ano.<\/em><\/p>\n<p>No contexto da obra da nova ponte entre o centro de Ilh\u00e9us e o bairro do Pontal, na zona sul, que est\u00e1 sendo em constru\u00e7\u00e3o numa parceria com o Governo da Bahia, o prefeito Jabes Ribeiro pretende consolidar o projeto de urbaniza\u00e7\u00e3o do Parque da Avenida Soares Lopes, um dos principais cart\u00f5es postais da cidade. A ideia \u00e9 a constru\u00e7\u00e3o de uma nova pista na Avenida, a beira amar, saindo do Centro de Conven\u00e7\u00f5es Lu\u00eds Eduardo Magalh\u00e3es at\u00e9 a nova ponte, e entre essa pista e a atual, realizar a implanta\u00e7\u00e3o de estruturas voltadas para pr\u00e1ticas culturais, esportivas e tur\u00edsticas.  <\/p>\n<p>O prefeito Jabes Ribeiro falou sobre o projeto durante o programa de r\u00e1dio Linha Direta com o Prefeito, que vai ao ar, \u00e0s quartas-feiras, nas emissoras locais. No programa semanal, o prefeito responde tamb\u00e9m a questionamentos dos cidad\u00e3os sobre diversos temas. Na \u00faltima quarta-feira, dia 8,ele respondeu a uma pergunta feita pelo Senhor Durval, morador do Centro, Prefeito algumas avenidas da cidade est\u00e3o sendo asfaltada e sinalizada, gostaria de saber do sobre benef\u00edcios para a Avenida Soares Lopes.<\/p>\n<p>Ao discorrer sobre as ideias a serem implementadas na Avenida, o prefeito disse que a proposta do Parque da Soares Lopes tem o objetivo de deixar aquela \u00e1rea mais humanizada, esteticamente bonita e funcional, preservando as potencialidades ambientais e a intera\u00e7\u00e3o humana. \u201cA Soares Lopes \u00e9 um local privilegiado, poucos munic\u00edpios t\u00eam uma avenida t\u00e3o bonita e t\u00e3o propicia \u00e0 pr\u00e1tica de atividades sociais como shows, feiras, festivais como o Aleluia Ilh\u00e9us, que re\u00fane v\u00e1rias vertentes da nossa cultura. Agora precisamos aproveitar esse potencial durante todo o ano, e isso vai dinamizar nossos setores cultural e tur\u00edstico\u201d, observa o prefeito.   <\/p>\n<p>Burle Marx &#8211; O estudo para o Parque da Avenida Soares Lopes est\u00e1 sendo elaborado pela Secretaria de Meio Ambiente e Urbanismo e prev\u00ea a adequa\u00e7\u00e3o ao projeto criado pelo paisagista Burle Marx. Segundo o secret\u00e1rio Antonio Vieira, o projeto leva em considera\u00e7\u00e3o a formula\u00e7\u00e3o de propostas feitas pela pr\u00f3pria comunidade durante a discuss\u00e3o do Projeto Orla, como a constru\u00e7\u00e3o de uma nova ciclovia, implanta\u00e7\u00e3o de cabanas de praia, lanchonetes, de um terminal tur\u00edstico e at\u00e9 de uma boate.  <\/p>\n<p>&#8212;<br \/>\nSecretaria de Comunica\u00e7\u00e3o Social (Secom)<\/p>\n","protected":false},"excerpt":{"rendered":"<p>A proposta do munic\u00edpio \u00e9 criar o Parque da Soares Lopes, que tem o objetivo de deixar a avenida mais humanizada e esteticamente bonita, estimulando a pratica de atividades culturais e esportivas durante todo o ano. No contexto da obra da nova ponte entre o centro de Ilh\u00e9us e o bairro do Pontal, na zona [&hellip;]<\/p>\n","protected":false},"author":2,"featured_media":0,"comment_status":"open","ping_status":"open","sticky":false,"template":"","format":"standard","meta":{"_links_to":"","_links_to_target":""},"categories":[23],"tags":[],"_links":{"self":[{"href":"https:\/\/www.r2cpress.com.br\/v1\/wp-json\/wp\/v2\/posts\/86821"}],"collection":[{"href":"https:\/\/www.r2cpress.com.br\/v1\/wp-json\/wp\/v2\/posts"}],"about":[{"href":"https:\/\/www.r2cpress.com.br\/v1\/wp-json\/wp\/v2\/types\/post"}],"author":[{"embeddable":true,"href":"https:\/\/www.r2cpress.com.br\/v1\/wp-json\/wp\/v2\/users\/2"}],"replies":[{"embeddable":true,"href":"https:\/\/www.r2cpress.com.br\/v1\/wp-json\/wp\/v2\/comments?post=86821"}],"version-history":[{"count":1,"href":"https:\/\/www.r2cpress.com.br\/v1\/wp-json\/wp\/v2\/posts\/86821\/revisions"}],"predecessor-version":[{"id":86823,"href":"https:\/\/www.r2cpress.com.br\/v1\/wp-json\/wp\/v2\/posts\/86821\/revisions\/86823"}],"wp:attachment":[{"href":"https:\/\/www.r2cpress.com.br\/v1\/wp-json\/wp\/v2\/media?parent=86821"}],"wp:term":[{"taxonomy":"category","embeddable":true,"href":"https:\/\/www.r2cpress.com.br\/v1\/wp-json\/wp\/v2\/categories?post=86821"},{"taxonomy":"post_tag","embeddable":true,"href":"https:\/\/www.r2cpress.com.br\/v1\/wp-json\/wp\/v2\/tags?post=86821"}],"curies":[{"name":"wp","href":"https:\/\/api.w.org\/{rel}","templated":true}]}}