{"id":86918,"date":"2014-10-13T16:34:30","date_gmt":"2014-10-13T19:34:30","guid":{"rendered":"http:\/\/www.r2cpress.com.br\/v1\/?p=86918"},"modified":"2014-10-13T16:34:30","modified_gmt":"2014-10-13T19:34:30","slug":"reforma-do-general-osorio-sera-concluida-no-proximo-mes-de-novembro","status":"publish","type":"post","link":"https:\/\/www.r2cpress.com.br\/v1\/2014\/10\/13\/reforma-do-general-osorio-sera-concluida-no-proximo-mes-de-novembro\/","title":{"rendered":"Reforma do General Os\u00f3rio ser\u00e1 conclu\u00edda no pr\u00f3ximo m\u00eas de novembro"},"content":{"rendered":"<p><em>Foram realizadas revis\u00f5es das instala\u00e7\u00f5es el\u00e9tricas e hidr\u00e1ulicas e no telhado, servi\u00e7os de recupera\u00e7\u00e3o do forro, do piso e das paredes. Al\u00e9m da pintura, que j\u00e1 esta bem adiantada, s\u00f3 est\u00e1 faltando a conclus\u00e3o da parte externa.<\/em><\/p>\n<div id=\"attachment_86919\" style=\"width: 560px\" class=\"wp-caption aligncenter\"><a href=\"http:\/\/www.r2cpress.com.br\/v1\/wp-content\/uploads\/2014\/10\/A-proposta-\u00e9-retornar-o-acervo-da-biblioteca-p\u00fablica-e-transformar-o-local-num-ambiente-vivo-foto-Gidelzo-Silva-Secom-Ilh\u00e9us-13.10.14-9.jpg\"><img aria-describedby=\"caption-attachment-86919\" loading=\"lazy\" class=\"size-full wp-image-86919\" src=\"http:\/\/www.r2cpress.com.br\/v1\/wp-content\/uploads\/2014\/10\/A-proposta-\u00e9-retornar-o-acervo-da-biblioteca-p\u00fablica-e-transformar-o-local-num-ambiente-vivo-foto-Gidelzo-Silva-Secom-Ilh\u00e9us-13.10.14-9.jpg\" alt=\"A proposta \u00e9 retornar o acervo da biblioteca p\u00fablica e transformar o local num ambiente vivo -foto Gidelzo Silva Secom-Ilh\u00e9us 13.10.14 \" width=\"550\" height=\"336\" srcset=\"https:\/\/www.r2cpress.com.br\/v1\/wp-content\/uploads\/2014\/10\/A-proposta-\u00e9-retornar-o-acervo-da-biblioteca-p\u00fablica-e-transformar-o-local-num-ambiente-vivo-foto-Gidelzo-Silva-Secom-Ilh\u00e9us-13.10.14-9.jpg 550w, https:\/\/www.r2cpress.com.br\/v1\/wp-content\/uploads\/2014\/10\/A-proposta-\u00e9-retornar-o-acervo-da-biblioteca-p\u00fablica-e-transformar-o-local-num-ambiente-vivo-foto-Gidelzo-Silva-Secom-Ilh\u00e9us-13.10.14-9-300x183.jpg 300w\" sizes=\"(max-width: 550px) 100vw, 550px\" \/><\/a><p id=\"caption-attachment-86919\" class=\"wp-caption-text\">A proposta \u00e9 retornar o acervo da biblioteca p\u00fablica e transformar o local num ambiente vivo -foto Gidelzo Silva Secom-Ilh\u00e9us 13.10.14<\/p><\/div>\n<p>A reforma do antigo pr\u00e9dio do Col\u00e9gio General Os\u00f3rio, onde funcionavam a Biblioteca P\u00fablica Municipal de Ilh\u00e9us e o Arquivo P\u00fablico, est\u00e1 em fase de finaliza\u00e7\u00e3o. O superintendente de Obras da Secretaria de Desenvolvimento Urbano (Sedur), Ednaldo Azevedo, informa que os servi\u00e7os que tiveram in\u00edcio no m\u00eas de fevereiro devem ser conclu\u00eddos at\u00e9 novembro. \u201cForam realizadas revis\u00f5es das instala\u00e7\u00f5es el\u00e9tricas e hidr\u00e1ulicas e no telhado, servi\u00e7os de recupera\u00e7\u00e3o do forro, do piso e das paredes. Al\u00e9m da pintura, que j\u00e1 esta bem adiantada, s\u00f3 est\u00e1 faltando a parte externa\u201d, afirma Ednaldo.<\/p>\n<p>Conforme ressalta o secret\u00e1rio municipal de Cultura, Paulo Atto,\u00a0ap\u00f3s a recupera\u00e7\u00e3o do im\u00f3vel, a proposta \u00e9 retornar o acervo da biblioteca p\u00fablica e transformar o local num ambiente vivo, com atividades culturais voltadas para o incentivo \u00e0 leitura, workshops e realiza\u00e7\u00e3o de exposi\u00e7\u00f5es. \u201cDessa forma, vamos fazer com que o ilheense volte a visitar o espa\u00e7o com um novo olhar\u201d, destaca.<\/p>\n<p>Segundo o secret\u00e1rio, todo o acervo da Biblioteca P\u00fablica Adonias Filho\u00a0 e do Arquivo P\u00fablico est\u00e3o preservados em locais apropriados, onde permanecer\u00e3o at\u00e9 que sejam finalizados os servi\u00e7os de revitaliza\u00e7\u00e3o do General Os\u00f3rio. O Arquivo P\u00fablico, um patrim\u00f4nio de todo o ilheense, foi higienizado e transferido para o pr\u00e9dio dos Comerci\u00e1rios, na Pra\u00e7a J.J. Seabra, no in\u00edcio do governo Jabes Ribeiro. Atto destaca que a proposta \u00e9 retomar o acervo da biblioteca, hoje funcionando provisoriamente na Rua Rotary, Cidade Nova.<\/p>\n<p><strong>Historia\u00a0<\/strong>\u00a0\u2013 Ao assumir o governo, em janeiro de 2013, o prefeito Jabes Ribeiro determinou a realiza\u00e7\u00e3o dos estudos necess\u00e1rios para recuperar o pr\u00e9dio.\u00a0 O General Os\u00f3rio foi inaugurado em 31 de dezembro de 1915. Primeira escola p\u00fablica de Ilh\u00e9us foi durante muitos anos o principal estabelecimento escolar do munic\u00edpio. No ano de 2002, foi realizada uma reforma com o objetivo de adequ\u00e1-lo para que nele fosse instalada a Biblioteca e o Arquivo P\u00fablico de Ilh\u00e9us. Em 2004, o prefeito Jabes Ribeiro autorizou a pintura do pr\u00e9dio, sendo esta a \u00faltima interven\u00e7\u00e3o do poder p\u00fablico no local.<\/p>\n<p>&nbsp;<\/p>\n<p><strong>Secretaria de Comunica\u00e7\u00e3o Social (Secom)<\/strong><\/p>\n","protected":false},"excerpt":{"rendered":"<p>Foram realizadas revis\u00f5es das instala\u00e7\u00f5es el\u00e9tricas e hidr\u00e1ulicas e no telhado, servi\u00e7os de recupera\u00e7\u00e3o do forro, do piso e das paredes. Al\u00e9m da pintura, que j\u00e1 esta bem adiantada, s\u00f3 est\u00e1 faltando a conclus\u00e3o da parte externa. A reforma do antigo pr\u00e9dio do Col\u00e9gio General Os\u00f3rio, onde funcionavam a Biblioteca P\u00fablica Municipal de Ilh\u00e9us e [&hellip;]<\/p>\n","protected":false},"author":2,"featured_media":0,"comment_status":"open","ping_status":"open","sticky":false,"template":"","format":"standard","meta":{"_links_to":"","_links_to_target":""},"categories":[23],"tags":[],"_links":{"self":[{"href":"https:\/\/www.r2cpress.com.br\/v1\/wp-json\/wp\/v2\/posts\/86918"}],"collection":[{"href":"https:\/\/www.r2cpress.com.br\/v1\/wp-json\/wp\/v2\/posts"}],"about":[{"href":"https:\/\/www.r2cpress.com.br\/v1\/wp-json\/wp\/v2\/types\/post"}],"author":[{"embeddable":true,"href":"https:\/\/www.r2cpress.com.br\/v1\/wp-json\/wp\/v2\/users\/2"}],"replies":[{"embeddable":true,"href":"https:\/\/www.r2cpress.com.br\/v1\/wp-json\/wp\/v2\/comments?post=86918"}],"version-history":[{"count":1,"href":"https:\/\/www.r2cpress.com.br\/v1\/wp-json\/wp\/v2\/posts\/86918\/revisions"}],"predecessor-version":[{"id":86920,"href":"https:\/\/www.r2cpress.com.br\/v1\/wp-json\/wp\/v2\/posts\/86918\/revisions\/86920"}],"wp:attachment":[{"href":"https:\/\/www.r2cpress.com.br\/v1\/wp-json\/wp\/v2\/media?parent=86918"}],"wp:term":[{"taxonomy":"category","embeddable":true,"href":"https:\/\/www.r2cpress.com.br\/v1\/wp-json\/wp\/v2\/categories?post=86918"},{"taxonomy":"post_tag","embeddable":true,"href":"https:\/\/www.r2cpress.com.br\/v1\/wp-json\/wp\/v2\/tags?post=86918"}],"curies":[{"name":"wp","href":"https:\/\/api.w.org\/{rel}","templated":true}]}}