{"id":86940,"date":"2014-10-14T12:12:27","date_gmt":"2014-10-14T15:12:27","guid":{"rendered":"http:\/\/www.r2cpress.com.br\/v1\/?p=86940"},"modified":"2014-10-14T12:12:27","modified_gmt":"2014-10-14T15:12:27","slug":"incor-instituto-do-coracao-4","status":"publish","type":"post","link":"https:\/\/www.r2cpress.com.br\/v1\/2014\/10\/14\/incor-instituto-do-coracao-4\/","title":{"rendered":"INCOR &#8211; Instituto do Cora\u00e7\u00e3o"},"content":{"rendered":"<table width=\"756\">\n<tbody>\n<tr>\n<td width=\"390\">&nbsp;<\/p>\n<h1><span style=\"color: #000000;\"><strong>NOTA \u00c0 IMPRENSA<\/strong><\/span><\/h1>\n<\/td>\n<\/tr>\n<tr>\n<td colspan=\"3\" width=\"662\"><span style=\"color: #000000;\">\u00a0<\/span><\/td>\n<\/tr>\n<tr>\n<td colspan=\"3\" width=\"662\">\n<h1><span style=\"color: #000000;\"><strong>INCOR &#8211; Instituto do Cora\u00e7\u00e3o<br \/>\nHospital das Cl\u00ednicas da Faculdade de Medicina da USP<\/strong><\/span><\/h1>\n<\/td>\n<\/tr>\n<tr>\n<td colspan=\"3\" width=\"662\"><span style=\"color: #000000;\"><strong>\u00a0<\/strong><\/span><\/td>\n<\/tr>\n<tr>\n<td colspan=\"3\" width=\"662\">\n<h2><span style=\"color: #000000;\"><strong><br \/>\n<\/strong><em>S\u00e3o Paulo, 14 de outubro de 2014, 11h30.<\/em><\/span><\/h2>\n<h2><span style=\"color: #000000;\"><strong><em>\u00a0<\/em><\/strong><\/span><\/h2>\n<h2 style=\"text-align: center;\"><span style=\"color: #000000;\"><strong>PACIENTE<br \/>\nMILTON NASCIMENTO<\/strong><\/span><\/h2>\n<p><span style=\"color: #000000;\">\u00a0<\/span><\/p>\n<p><span style=\"color: #000000;\">\u00a0<\/span><\/p>\n<p><span style=\"color: #000000;\">O cantor Milton Nascimento, 71 anos, foi internado no Incor (Instituto do Cora\u00e7\u00e3o do Hospital das Cl\u00ednicas da FMUSP), \u00e0s 19h desta segunda-feira (13), para realiza\u00e7\u00e3o de cateterismo (21h), visando o estudo das art\u00e9rias coron\u00e1rias.<\/span><\/p>\n<p><span style=\"color: #000000;\">\u00a0<\/span><\/p>\n<p><span style=\"color: #000000;\">Esse procedimento diagn\u00f3stico faz parte da sequ\u00eancia de exames de avalia\u00e7\u00e3o cardiol\u00f3gica e geral a que o cantor tem sido submetido no Incor, desde agosto deste ano, sob coordena\u00e7\u00e3o do Dr. S\u00e9rgio Timerman.<\/span><\/p>\n<p><span style=\"color: #000000;\">\u00a0<\/span><\/p>\n<p><span style=\"color: #000000;\">Milton ficar\u00e1 internado no Instituto do Cora\u00e7\u00e3o por, no m\u00ednimo, mais 24 horas, para repouso e observa\u00e7\u00e3o, conforme preconiza o protocolo de recupera\u00e7\u00e3o desse procedimento.<\/span><\/p>\n<p><span style=\"color: #000000;\">\u00a0<\/span><\/p>\n<p style=\"text-align: center;\"><span style=\"color: #000000;\"><strong>Assessoria de Imprensa<\/strong><\/span><\/p>\n<p style=\"text-align: center;\"><span style=\"color: #000000;\"><strong>Incor-HCFMUSP<\/strong><\/span><\/p>\n<\/td>\n<\/tr>\n<\/tbody>\n<\/table>\n","protected":false},"excerpt":{"rendered":"<p>&nbsp; NOTA \u00c0 IMPRENSA \u00a0 INCOR &#8211; Instituto do Cora\u00e7\u00e3o Hospital das Cl\u00ednicas da Faculdade de Medicina da USP \u00a0 S\u00e3o Paulo, 14 de outubro de 2014, 11h30. \u00a0 PACIENTE MILTON NASCIMENTO \u00a0 \u00a0 O cantor Milton Nascimento, 71 anos, foi internado no Incor (Instituto do Cora\u00e7\u00e3o do Hospital das Cl\u00ednicas da FMUSP), \u00e0s 19h [&hellip;]<\/p>\n","protected":false},"author":2,"featured_media":0,"comment_status":"open","ping_status":"open","sticky":false,"template":"","format":"standard","meta":{"_links_to":"","_links_to_target":""},"categories":[24],"tags":[],"_links":{"self":[{"href":"https:\/\/www.r2cpress.com.br\/v1\/wp-json\/wp\/v2\/posts\/86940"}],"collection":[{"href":"https:\/\/www.r2cpress.com.br\/v1\/wp-json\/wp\/v2\/posts"}],"about":[{"href":"https:\/\/www.r2cpress.com.br\/v1\/wp-json\/wp\/v2\/types\/post"}],"author":[{"embeddable":true,"href":"https:\/\/www.r2cpress.com.br\/v1\/wp-json\/wp\/v2\/users\/2"}],"replies":[{"embeddable":true,"href":"https:\/\/www.r2cpress.com.br\/v1\/wp-json\/wp\/v2\/comments?post=86940"}],"version-history":[{"count":2,"href":"https:\/\/www.r2cpress.com.br\/v1\/wp-json\/wp\/v2\/posts\/86940\/revisions"}],"predecessor-version":[{"id":86942,"href":"https:\/\/www.r2cpress.com.br\/v1\/wp-json\/wp\/v2\/posts\/86940\/revisions\/86942"}],"wp:attachment":[{"href":"https:\/\/www.r2cpress.com.br\/v1\/wp-json\/wp\/v2\/media?parent=86940"}],"wp:term":[{"taxonomy":"category","embeddable":true,"href":"https:\/\/www.r2cpress.com.br\/v1\/wp-json\/wp\/v2\/categories?post=86940"},{"taxonomy":"post_tag","embeddable":true,"href":"https:\/\/www.r2cpress.com.br\/v1\/wp-json\/wp\/v2\/tags?post=86940"}],"curies":[{"name":"wp","href":"https:\/\/api.w.org\/{rel}","templated":true}]}}